{"id":3954,"date":"2024-01-05T14:01:34","date_gmt":"2024-01-05T14:01:34","guid":{"rendered":"https:\/\/momaa.es\/?p=3954"},"modified":"2025-06-30T09:37:08","modified_gmt":"2025-06-30T09:37:08","slug":"el-trapiche_casa-8_marbella","status":"publish","type":"post","link":"https:\/\/momaa.es\/en\/el-trapiche_casa-8_marbella\/","title":{"rendered":"El Trapiche_Casa 8_Marbella"},"content":{"rendered":"\t\t<div data-elementor-type=\"wp-post\" data-elementor-id=\"3954\" class=\"elementor elementor-3954\" data-elementor-settings=\"[]\">\n\t\t\t\t\t\t<div class=\"elementor-inner\">\n\t\t\t\t\t\t\t<div class=\"elementor-section-wrap\">\n\t\t\t\t\t\t\t<section class=\"elementor-section elementor-top-section elementor-element elementor-element-51e6857 elementor-section-boxed elementor-section-height-default elementor-section-height-default\" data-id=\"51e6857\" data-element_type=\"section\">\n\t\t\t\t\t\t<div class=\"elementor-container elementor-column-gap-default\">\n\t\t\t\t\t\t\t<div class=\"elementor-row\">\n\t\t\t\t\t<div class=\"elementor-column elementor-col-100 elementor-top-column elementor-element elementor-element-3d3413e5\" data-id=\"3d3413e5\" data-element_type=\"column\">\n\t\t\t<div class=\"elementor-column-wrap elementor-element-populated\">\n\t\t\t\t\t\t\t<div class=\"elementor-widget-wrap\">\n\t\t\t\t\t\t<div class=\"elementor-element elementor-element-221a02fb elementor-pagination-position-outside elementor-widget elementor-widget-image-carousel\" data-id=\"221a02fb\" data-element_type=\"widget\" data-settings=\"{&quot;slides_to_show&quot;:&quot;1&quot;,&quot;navigation&quot;:&quot;dots&quot;,&quot;autoplay&quot;:&quot;yes&quot;,&quot;pause_on_hover&quot;:&quot;yes&quot;,&quot;pause_on_interaction&quot;:&quot;yes&quot;,&quot;autoplay_speed&quot;:5000,&quot;infinite&quot;:&quot;yes&quot;,&quot;effect&quot;:&quot;slide&quot;,&quot;speed&quot;:500}\" data-widget_type=\"image-carousel.default\">\n\t\t\t\t<div class=\"elementor-widget-container\">\n\t\t\t\t\t<div class=\"elementor-image-carousel-wrapper swiper-container\" dir=\"ltr\">\n\t\t\t<div class=\"elementor-image-carousel swiper-wrapper swiper-image-stretch\">\n\t\t\t\t\t\t\t\t<div class=\"swiper-slide\"><figure class=\"swiper-slide-inner\"><img class=\"swiper-slide-image\" src=\"https:\/\/momaa.es\/wp-content\/uploads\/2024\/01\/VILLA_ALZADO-PISCINA_DISENO_EL-TRAPICHE_MARBELLA.jpeg\" alt=\"VILLA_ALZADO PISCINA_DISE\u00d1O_EL TRAPICHE_MARBELLA\" \/><\/figure><\/div><div class=\"swiper-slide\"><figure class=\"swiper-slide-inner\"><img class=\"swiper-slide-image\" src=\"https:\/\/momaa.es\/wp-content\/uploads\/2024\/01\/VILLA_ALZADO-ACCESO_DISENO_EL-TRAPICHE_MARBELLA.jpeg\" alt=\"VILLA_ALZADO ACCESO_DISE\u00d1O_EL TRAPICHE_MARBELLA\" \/><\/figure><\/div><div class=\"swiper-slide\"><figure class=\"swiper-slide-inner\"><img class=\"swiper-slide-image\" src=\"https:\/\/momaa.es\/wp-content\/uploads\/2024\/01\/VILLA_ALZADO-NORTE_DISENO_EL-TRAPICHE_MARBELLA.jpeg\" alt=\"VILLA_ALZADO NORTE_DISE\u00d1O_EL TRAPICHE_MARBELLA\" \/><\/figure><\/div><div class=\"swiper-slide\"><figure class=\"swiper-slide-inner\"><img class=\"swiper-slide-image\" src=\"https:\/\/momaa.es\/wp-content\/uploads\/2024\/01\/VILLA_ALZADO-OESTE_DISENO_EL-TRAPICHE_MARBELLA.jpeg\" alt=\"VILLA_ALZADO OESTE_DISE\u00d1O_EL TRAPICHE_MARBELLA\" \/><\/figure><\/div>\t\t\t<\/div>\n\t\t\t\t\t\t\t\t\t\t\t\t<div class=\"swiper-pagination\"><\/div>\n\t\t\t\t\t\t\t\t\t\t\t\t\t<\/div>\n\t\t\t\t<\/div>\n\t\t\t\t<\/div>\n\t\t\t\t<div class=\"elementor-element elementor-element-2891da12 elementor-widget elementor-widget-text-editor\" data-id=\"2891da12\" data-element_type=\"widget\" data-widget_type=\"text-editor.default\">\n\t\t\t\t<div class=\"elementor-widget-container\">\n\t\t\t\t\t\t\t\t<div class=\"elementor-text-editor elementor-clearfix\">\n\t\t\t\t<h3>EL TRAPICHE_CASA 8<\/h3><p>Andr\u00e9s M. Mateo Fern\u00e1ndez. <em>Arquitecto<\/em><br \/>MoMaa. <i>Colaborador<\/i><br \/>A\u00f1o 2023<\/p><p>Situada en una parcela de \u201cesquina\u201d fue concebida con la idea de tener unas vistas que admirara adem\u00e1s del mar y la monta\u00f1a, los restos de la antigua f\u00e1brica de az\u00facar de Marbella, hoy en d\u00eda en rehabilitaci\u00f3n.<\/p><p><span style=\"color: var( --e-global-color-text ); font-family: var( --e-global-typography-text-font-family ), Sans-serif; font-weight: var( --e-global-typography-text-font-weight );\">La vivienda se organiza por un lado los recintos privados de dormitorios en la\u00a0 planta alta y por otro, los espacios p\u00fablicos en planta baja.<\/span><\/p><p>El espacio publico dispone de un gran sal\u00f3n que se alarga con un porche abierto que proporciona un comedor de verano frente la piscina. Mientras que en el espacio privado se organizan los dormitorios.<\/p><p>El acceso a la parcela se enfrenta hacia la entrada enmarcada con dos torreones de la vivienda donde le recibe la puerta de acceso y se llega hasta el sal\u00f3n que enmarca la vista hacia Puerto Ban\u00fas y la concha de Marbella.<\/p><p><span class=\"TextRun SCXW66580802 BCX0\" lang=\"ES-ES\" xml:lang=\"ES-ES\" data-contrast=\"auto\"><span class=\"NormalTextRun SCXW66580802 BCX0\">&#8211; &#8211; &#8211; &#8211; &#8211; &#8211; &#8211; &#8211; &#8211; &#8211; &#8211; &#8211; &#8211; &#8211; &#8211; &#8211; &#8211; &#8211; &#8211; &#8211; &#8211; &#8211; &#8211; &#8211; &#8211; &#8211; &#8211; &#8211; &#8211; &#8211; &#8211; &#8211; &#8211; &#8211; &#8211; &#8211; &#8211; &#8211; &#8211; &#8211; &#8211; &#8211; &#8211; &#8211; &#8211; &#8211; &#8211; &#8211; &#8211; &#8211; &#8211; &#8211; &#8211; &#8211; &#8211; &#8211; &#8211; &#8211; &#8211;<\/span><\/span><span class=\"EOP SCXW66580802 BCX0\" data-ccp-props=\"{&quot;134233117&quot;:false,&quot;134233118&quot;:false,&quot;201341983&quot;:0,&quot;335551550&quot;:1,&quot;335551620&quot;:1,&quot;335559685&quot;:0,&quot;335559737&quot;:0,&quot;335559738&quot;:0,&quot;335559739&quot;:160,&quot;335559740&quot;:279}\">\u00a0<\/span><\/p><p data-start=\"0\" data-end=\"187\">Located on a corner plot, this home was designed to offer views not only of the sea and mountains, but also of the historic remains of Marbella\u2019s old sugar factory, now under restoration.<\/p><p data-start=\"189\" data-end=\"333\">The layout separates private and public spaces: the upper floor houses the bedrooms, while the ground floor is reserved for shared living areas.<\/p><p data-start=\"335\" data-end=\"630\" data-is-last-node=\"\" data-is-only-node=\"\">The main living space extends into a covered porch, creating an outdoor summer dining area facing the pool. The entrance to the property is framed by two towers, guiding visitors through the main door and into the living room, which perfectly frames views of Puerto Ban\u00fas and La Concha mountain.<\/p><p style=\"margin: 0cm 0cm 15.6pt; background-image: initial; background-position: initial; background-size: initial; background-repeat: initial; background-attachment: initial; background-origin: initial; background-clip: initial;\"><span style=\"font-size: 10.5pt; font-family: Roboto;\"><a href=\"https:\/\/listaroja.hispanianostra.org\/ficha\/trapiche-del-prado\/\">https:\/\/listaroja.hispanianostra.org\/ficha\/trapiche-del-prado\/<\/a><\/span><\/p>\t\t\t\t\t<\/div>\n\t\t\t\t\t\t<\/div>\n\t\t\t\t<\/div>\n\t\t\t\t<div class=\"elementor-element elementor-element-7cad7238 elementor-button-info elementor-align-left elementor-widget elementor-widget-button\" data-id=\"7cad7238\" data-element_type=\"widget\" data-widget_type=\"button.default\">\n\t\t\t\t<div class=\"elementor-widget-container\">\n\t\t\t\t\t<div class=\"elementor-button-wrapper\">\n\t\t\t<a href=\"https:\/\/momaa.es\/proyectos\/\" class=\"elementor-button-link elementor-button elementor-size-xs\" role=\"button\">\n\t\t\t\t\t\t<span class=\"elementor-button-content-wrapper\">\n\t\t\t\t\t\t<span class=\"elementor-button-text\">BACK<<<<\/span>\n\t\t<\/span>\n\t\t\t\t\t<\/a>\n\t\t<\/div>\n\t\t\t\t<\/div>\n\t\t\t\t<\/div>\n\t\t\t\t\t\t<\/div>\n\t\t\t\t\t<\/div>\n\t\t<\/div>\n\t\t\t\t\t\t\t\t<\/div>\n\t\t\t\t\t<\/div>\n\t\t<\/section>\n\t\t\t\t\t\t<\/div>\n\t\t\t\t\t\t<\/div>\n\t\t\t\t\t<\/div>\n\t\t ","protected":false},"excerpt":{"rendered":"<p>EL TRAPICHE_CASA 8 Andr\u00e9s M. Mateo Fern\u00e1ndez. ArquitectoMoMaa. ColaboradorA\u00f1o 2023 Situada en una parcela de \u201cesquina\u201d fue concebida con la idea de tener unas vistas que admirara adem\u00e1s del mar y la monta\u00f1a, los restos de la antigua f\u00e1brica de az\u00facar de Marbella, hoy en d\u00eda en rehabilitaci\u00f3n. La vivienda se organiza por un lado &#8230; <a title=\"El Trapiche_Casa 8_Marbella\" class=\"read-more\" href=\"https:\/\/momaa.es\/en\/el-trapiche_casa-8_marbella\/\" aria-label=\"More on El Trapiche_Casa 8_Marbella\">Read more<\/a><\/p>\n","protected":false},"author":2,"featured_media":3959,"comment_status":"closed","ping_status":"open","sticky":false,"template":"","format":"standard","meta":[],"categories":[74,42,43],"tags":[],"yoast_head":"<!-- This site is optimized with the Yoast SEO plugin v17.4 - https:\/\/yoast.com\/wordpress\/plugins\/seo\/ -->\n<title>El Trapiche_Casa 8_Marbella - Moreno Mateo Architects<\/title>\n<meta name=\"robots\" content=\"index, follow, max-snippet:-1, max-image-preview:large, max-video-preview:-1\" \/>\n<link rel=\"canonical\" href=\"https:\/\/momaa.es\/en\/el-trapiche_casa-8_marbella\/\" \/>\n<meta property=\"og:locale\" content=\"en_US\" \/>\n<meta property=\"og:type\" content=\"article\" \/>\n<meta property=\"og:title\" content=\"El Trapiche_Casa 8_Marbella - Moreno Mateo Architects\" \/>\n<meta property=\"og:description\" content=\"EL TRAPICHE_CASA 8 Andr\u00e9s M. Mateo Fern\u00e1ndez. ArquitectoMoMaa. ColaboradorA\u00f1o 2023 Situada en una parcela de \u201cesquina\u201d fue concebida con la idea de tener unas vistas que admirara adem\u00e1s del mar y la monta\u00f1a, los restos de la antigua f\u00e1brica de az\u00facar de Marbella, hoy en d\u00eda en rehabilitaci\u00f3n. La vivienda se organiza por un lado ... Read more\" \/>\n<meta property=\"og:url\" content=\"https:\/\/momaa.es\/el-trapiche_casa-8_marbella\/\" \/>\n<meta property=\"og:site_name\" content=\"Moreno Mateo Architects\" \/>\n<meta property=\"article:published_time\" content=\"2024-01-05T14:01:34+00:00\" \/>\n<meta property=\"article:modified_time\" content=\"2025-06-30T09:37:08+00:00\" \/>\n<meta property=\"og:image\" content=\"https:\/\/momaa.es\/wp-content\/uploads\/2024\/01\/VILLA_ALZADO-PISCINA_DISENO_EL-TRAPICHE_MARBELLA.jpeg\" \/>\n\t<meta property=\"og:image:width\" content=\"1200\" \/>\n\t<meta property=\"og:image:height\" content=\"675\" \/>\n<meta name=\"twitter:card\" content=\"summary_large_image\" \/>\n<meta name=\"twitter:label1\" content=\"Written by\" \/>\n\t<meta name=\"twitter:data1\" content=\"Andres Moreno Mateo\" \/>\n\t<meta name=\"twitter:label2\" content=\"Est. reading time\" \/>\n\t<meta name=\"twitter:data2\" content=\"3 minutes\" \/>\n<script type=\"application\/ld+json\" class=\"yoast-schema-graph\">{\"@context\":\"https:\/\/schema.org\",\"@graph\":[{\"@type\":\"WebSite\",\"@id\":\"https:\/\/momaa.es\/#website\",\"url\":\"https:\/\/momaa.es\/\",\"name\":\"Moreno Mateo Architects\",\"description\":\"Arquitectura | Urbanismo | Dise\\u00f1o\",\"potentialAction\":[{\"@type\":\"SearchAction\",\"target\":{\"@type\":\"EntryPoint\",\"urlTemplate\":\"https:\/\/momaa.es\/?s={search_term_string}\"},\"query-input\":\"required name=search_term_string\"}],\"inLanguage\":\"en-US\"},{\"@type\":\"ImageObject\",\"@id\":\"https:\/\/momaa.es\/el-trapiche_casa-8_marbella\/#primaryimage\",\"inLanguage\":\"en-US\",\"url\":\"https:\/\/momaa.es\/wp-content\/uploads\/2024\/01\/VILLA_ALZADO-PISCINA_DISENO_EL-TRAPICHE_MARBELLA.jpeg\",\"contentUrl\":\"https:\/\/momaa.es\/wp-content\/uploads\/2024\/01\/VILLA_ALZADO-PISCINA_DISENO_EL-TRAPICHE_MARBELLA.jpeg\",\"width\":1200,\"height\":675},{\"@type\":\"WebPage\",\"@id\":\"https:\/\/momaa.es\/el-trapiche_casa-8_marbella\/#webpage\",\"url\":\"https:\/\/momaa.es\/el-trapiche_casa-8_marbella\/\",\"name\":\"El Trapiche_Casa 8_Marbella - Moreno Mateo Architects\",\"isPartOf\":{\"@id\":\"https:\/\/momaa.es\/#website\"},\"primaryImageOfPage\":{\"@id\":\"https:\/\/momaa.es\/el-trapiche_casa-8_marbella\/#primaryimage\"},\"datePublished\":\"2024-01-05T14:01:34+00:00\",\"dateModified\":\"2025-06-30T09:37:08+00:00\",\"author\":{\"@id\":\"https:\/\/momaa.es\/#\/schema\/person\/00e50967ccafd030af0999215190b1e5\"},\"breadcrumb\":{\"@id\":\"https:\/\/momaa.es\/el-trapiche_casa-8_marbella\/#breadcrumb\"},\"inLanguage\":\"en-US\",\"potentialAction\":[{\"@type\":\"ReadAction\",\"target\":[\"https:\/\/momaa.es\/el-trapiche_casa-8_marbella\/\"]}]},{\"@type\":\"BreadcrumbList\",\"@id\":\"https:\/\/momaa.es\/el-trapiche_casa-8_marbella\/#breadcrumb\",\"itemListElement\":[{\"@type\":\"ListItem\",\"position\":1,\"name\":\"Portada\",\"item\":\"https:\/\/momaa.es\/en\/\"},{\"@type\":\"ListItem\",\"position\":2,\"name\":\"El Trapiche_Casa 8_Marbella\"}]},{\"@type\":\"Person\",\"@id\":\"https:\/\/momaa.es\/#\/schema\/person\/00e50967ccafd030af0999215190b1e5\",\"name\":\"Andres Moreno Mateo\",\"image\":{\"@type\":\"ImageObject\",\"@id\":\"https:\/\/momaa.es\/#personlogo\",\"inLanguage\":\"en-US\",\"url\":\"https:\/\/secure.gravatar.com\/avatar\/643afc17cc2b6534a01582402acb380d?s=96&d=mm&r=g\",\"contentUrl\":\"https:\/\/secure.gravatar.com\/avatar\/643afc17cc2b6534a01582402acb380d?s=96&d=mm&r=g\",\"caption\":\"Andres Moreno Mateo\"}}]}<\/script>\n<!-- \/ Yoast SEO plugin. -->","yoast_head_json":{"title":"El Trapiche_Casa 8_Marbella - Moreno Mateo Architects","robots":{"index":"index","follow":"follow","max-snippet":"max-snippet:-1","max-image-preview":"max-image-preview:large","max-video-preview":"max-video-preview:-1"},"canonical":"https:\/\/momaa.es\/en\/el-trapiche_casa-8_marbella\/","og_locale":"en_US","og_type":"article","og_title":"El Trapiche_Casa 8_Marbella - Moreno Mateo Architects","og_description":"EL TRAPICHE_CASA 8 Andr\u00e9s M. Mateo Fern\u00e1ndez. ArquitectoMoMaa. ColaboradorA\u00f1o 2023 Situada en una parcela de \u201cesquina\u201d fue concebida con la idea de tener unas vistas que admirara adem\u00e1s del mar y la monta\u00f1a, los restos de la antigua f\u00e1brica de az\u00facar de Marbella, hoy en d\u00eda en rehabilitaci\u00f3n. La vivienda se organiza por un lado ... Read more","og_url":"https:\/\/momaa.es\/el-trapiche_casa-8_marbella\/","og_site_name":"Moreno Mateo Architects","article_published_time":"2024-01-05T14:01:34+00:00","article_modified_time":"2025-06-30T09:37:08+00:00","og_image":[{"width":1200,"height":675,"url":"https:\/\/momaa.es\/wp-content\/uploads\/2024\/01\/VILLA_ALZADO-PISCINA_DISENO_EL-TRAPICHE_MARBELLA.jpeg","type":"image\/jpeg"}],"twitter_card":"summary_large_image","twitter_misc":{"Written by":"Andres Moreno Mateo","Est. reading time":"3 minutes"},"schema":{"@context":"https:\/\/schema.org","@graph":[{"@type":"WebSite","@id":"https:\/\/momaa.es\/#website","url":"https:\/\/momaa.es\/","name":"Moreno Mateo Architects","description":"Arquitectura | Urbanismo | Dise\u00f1o","potentialAction":[{"@type":"SearchAction","target":{"@type":"EntryPoint","urlTemplate":"https:\/\/momaa.es\/?s={search_term_string}"},"query-input":"required name=search_term_string"}],"inLanguage":"en-US"},{"@type":"ImageObject","@id":"https:\/\/momaa.es\/el-trapiche_casa-8_marbella\/#primaryimage","inLanguage":"en-US","url":"https:\/\/momaa.es\/wp-content\/uploads\/2024\/01\/VILLA_ALZADO-PISCINA_DISENO_EL-TRAPICHE_MARBELLA.jpeg","contentUrl":"https:\/\/momaa.es\/wp-content\/uploads\/2024\/01\/VILLA_ALZADO-PISCINA_DISENO_EL-TRAPICHE_MARBELLA.jpeg","width":1200,"height":675},{"@type":"WebPage","@id":"https:\/\/momaa.es\/el-trapiche_casa-8_marbella\/#webpage","url":"https:\/\/momaa.es\/el-trapiche_casa-8_marbella\/","name":"El Trapiche_Casa 8_Marbella - Moreno Mateo Architects","isPartOf":{"@id":"https:\/\/momaa.es\/#website"},"primaryImageOfPage":{"@id":"https:\/\/momaa.es\/el-trapiche_casa-8_marbella\/#primaryimage"},"datePublished":"2024-01-05T14:01:34+00:00","dateModified":"2025-06-30T09:37:08+00:00","author":{"@id":"https:\/\/momaa.es\/#\/schema\/person\/00e50967ccafd030af0999215190b1e5"},"breadcrumb":{"@id":"https:\/\/momaa.es\/el-trapiche_casa-8_marbella\/#breadcrumb"},"inLanguage":"en-US","potentialAction":[{"@type":"ReadAction","target":["https:\/\/momaa.es\/el-trapiche_casa-8_marbella\/"]}]},{"@type":"BreadcrumbList","@id":"https:\/\/momaa.es\/el-trapiche_casa-8_marbella\/#breadcrumb","itemListElement":[{"@type":"ListItem","position":1,"name":"Portada","item":"https:\/\/momaa.es\/en\/"},{"@type":"ListItem","position":2,"name":"El Trapiche_Casa 8_Marbella"}]},{"@type":"Person","@id":"https:\/\/momaa.es\/#\/schema\/person\/00e50967ccafd030af0999215190b1e5","name":"Andres Moreno Mateo","image":{"@type":"ImageObject","@id":"https:\/\/momaa.es\/#personlogo","inLanguage":"en-US","url":"https:\/\/secure.gravatar.com\/avatar\/643afc17cc2b6534a01582402acb380d?s=96&d=mm&r=g","contentUrl":"https:\/\/secure.gravatar.com\/avatar\/643afc17cc2b6534a01582402acb380d?s=96&d=mm&r=g","caption":"Andres Moreno Mateo"}}]}},"_links":{"self":[{"href":"https:\/\/momaa.es\/en\/wp-json\/wp\/v2\/posts\/3954"}],"collection":[{"href":"https:\/\/momaa.es\/en\/wp-json\/wp\/v2\/posts"}],"about":[{"href":"https:\/\/momaa.es\/en\/wp-json\/wp\/v2\/types\/post"}],"author":[{"embeddable":true,"href":"https:\/\/momaa.es\/en\/wp-json\/wp\/v2\/users\/2"}],"replies":[{"embeddable":true,"href":"https:\/\/momaa.es\/en\/wp-json\/wp\/v2\/comments?post=3954"}],"version-history":[{"count":19,"href":"https:\/\/momaa.es\/en\/wp-json\/wp\/v2\/posts\/3954\/revisions"}],"predecessor-version":[{"id":4311,"href":"https:\/\/momaa.es\/en\/wp-json\/wp\/v2\/posts\/3954\/revisions\/4311"}],"wp:featuredmedia":[{"embeddable":true,"href":"https:\/\/momaa.es\/en\/wp-json\/wp\/v2\/media\/3959"}],"wp:attachment":[{"href":"https:\/\/momaa.es\/en\/wp-json\/wp\/v2\/media?parent=3954"}],"wp:term":[{"taxonomy":"category","embeddable":true,"href":"https:\/\/momaa.es\/en\/wp-json\/wp\/v2\/categories?post=3954"},{"taxonomy":"post_tag","embeddable":true,"href":"https:\/\/momaa.es\/en\/wp-json\/wp\/v2\/tags?post=3954"}],"curies":[{"name":"wp","href":"https:\/\/api.w.org\/{rel}","templated":true}]}}