{"id":3899,"date":"2023-09-24T15:40:07","date_gmt":"2023-09-24T15:40:07","guid":{"rendered":"https:\/\/momaa.es\/?p=3899"},"modified":"2025-06-30T09:23:01","modified_gmt":"2025-06-30T09:23:01","slug":"20230921-creando-ciudad-intervencion-urbana-parque-al-andalus","status":"publish","type":"post","link":"https:\/\/momaa.es\/en\/20230921-creando-ciudad-intervencion-urbana-parque-al-andalus\/","title":{"rendered":"2023 CREANDO CIUDAD. INTERVENCION URBANA PARQUE AL ANDALUS"},"content":{"rendered":"\t\t<div data-elementor-type=\"wp-post\" data-elementor-id=\"3899\" class=\"elementor elementor-3899\" data-elementor-settings=\"[]\">\n\t\t\t\t\t\t<div class=\"elementor-inner\">\n\t\t\t\t\t\t\t<div class=\"elementor-section-wrap\">\n\t\t\t\t\t\t\t<section class=\"elementor-section elementor-top-section elementor-element elementor-element-f7184f9 elementor-section-boxed elementor-section-height-default elementor-section-height-default\" data-id=\"f7184f9\" data-element_type=\"section\">\n\t\t\t\t\t\t<div class=\"elementor-container elementor-column-gap-default\">\n\t\t\t\t\t\t\t<div class=\"elementor-row\">\n\t\t\t\t\t<div class=\"elementor-column elementor-col-100 elementor-top-column elementor-element elementor-element-e7eb7d4\" data-id=\"e7eb7d4\" data-element_type=\"column\">\n\t\t\t<div class=\"elementor-column-wrap elementor-element-populated\">\n\t\t\t\t\t\t\t<div class=\"elementor-widget-wrap\">\n\t\t\t\t\t\t<div class=\"elementor-element elementor-element-600958e elementor-widget elementor-widget-text-editor\" data-id=\"600958e\" data-element_type=\"widget\" data-widget_type=\"text-editor.default\">\n\t\t\t\t<div class=\"elementor-widget-container\">\n\t\t\t\t\t\t\t\t<div class=\"elementor-text-editor elementor-clearfix\">\n\t\t\t\t<p>Andr\u00e9s M. Mateo Fern\u00e1ndez.\u00a0<em>Arquitecto<\/em><br \/>MoMaa Marbella I Arquitectura I Urbanismo I Dise\u00f1o<br \/>A\u00f1o 2023<\/p><p>Estamos muy orgulloso de contribuir con esta intervenci\u00f3n urbana que permita hacer de nuestra ciudad un lugar m\u00e1s amable y humana.<\/p><p>\u201cSituado en el Distrito Municipal de San Pedro Alc\u00e1ntara se encuentra una jardinera arb\u00f3rea paralelo a la fachada del Colegio P\u00fablico Al-\u00c1ndalus. Dicho espacio brinda la oportunidad de a trav\u00e9s de una peque\u00f1a intervenci\u00f3n de cirug\u00eda urbana crear una zona verde que permitir\u00e1 el uso de la misma por parte de los alumnos del colegio y tambi\u00e9n por los vecinos de la zona.\u201d<\/p><p data-start=\"679\" data-end=\"767\" data-is-last-node=\"\" data-is-only-node=\"\"><span class=\"TextRun SCXW66580802 BCX0\" lang=\"ES-ES\" xml:lang=\"ES-ES\" data-contrast=\"auto\"><span class=\"NormalTextRun SCXW66580802 BCX0\">&#8211; &#8211; &#8211; &#8211; &#8211; &#8211; &#8211; &#8211; &#8211; &#8211; &#8211; &#8211; &#8211; &#8211; &#8211; &#8211; &#8211; &#8211; &#8211; &#8211; &#8211; &#8211; &#8211; &#8211; &#8211; &#8211; &#8211; &#8211; &#8211; &#8211; &#8211; &#8211; &#8211; &#8211; &#8211; &#8211; &#8211; &#8211; &#8211; &#8211; &#8211; &#8211; &#8211; &#8211; &#8211; &#8211; &#8211; &#8211; &#8211; &#8211; &#8211; &#8211; &#8211; &#8211; &#8211; &#8211; &#8211; &#8211; &#8211;<\/span><\/span><span class=\"EOP SCXW66580802 BCX0\" data-ccp-props=\"{&quot;134233117&quot;:false,&quot;134233118&quot;:false,&quot;201341983&quot;:0,&quot;335551550&quot;:1,&quot;335551620&quot;:1,&quot;335559685&quot;:0,&quot;335559737&quot;:0,&quot;335559738&quot;:0,&quot;335559739&quot;:160,&quot;335559740&quot;:279}\">\u00a0<\/span><\/p><p data-start=\"0\" data-end=\"117\">We are very proud to contribute to this urban intervention that helps make our city a more welcoming and human place.<\/p><p data-start=\"119\" data-end=\"437\" data-is-last-node=\"\" data-is-only-node=\"\">&#8220;Located in the Municipal District of San Pedro Alc\u00e1ntara, a tree-lined planter runs parallel to the fa\u00e7ade of the Al-\u00c1ndalus Public School. This space offers the opportunity\u2014through a small urban &#8216;surgical&#8217; intervention\u2014to create a green area that can be enjoyed both by the school\u2019s students and by local residents.&#8221;<\/p><p><a href=\"https:\/\/www.diariosur.es\/marbella\/nueva-zona-verde-aparcamientos-bicis-entorno-colegio-20230921181352-nt.html\">https:\/\/www.diariosur.es\/marbella\/nueva-zona-verde-aparcamientos-bicis-entorno-colegio-20230921181352-nt.html<\/a><\/p>\t\t\t\t\t<\/div>\n\t\t\t\t\t\t<\/div>\n\t\t\t\t<\/div>\n\t\t\t\t\t\t<\/div>\n\t\t\t\t\t<\/div>\n\t\t<\/div>\n\t\t\t\t\t\t\t\t<\/div>\n\t\t\t\t\t<\/div>\n\t\t<\/section>\n\t\t\t\t\t\t<\/div>\n\t\t\t\t\t\t<\/div>\n\t\t\t\t\t<\/div>\n\t\t ","protected":false},"excerpt":{"rendered":"<p>Andr\u00e9s M. Mateo Fern\u00e1ndez.&nbsp;Arquitecto MoMaa Marbella I Arquitectura I Urbanismo I Dise\u00f1o A\u00f1o 2023 Estamos muy orgulloso de contribuir con esta intervenci\u00f3n urbana que permita hacer de nuestra ciudad un lugar m\u00e1s amable y humana. \u201cSituado en el Distrito Municipal de San Pedro Alc\u00e1ntara se encuentra una jardinera arb\u00f3rea paralelo a la fachada del Colegio &#8230; <a title=\"2023 CREANDO CIUDAD. INTERVENCION URBANA PARQUE AL ANDALUS\" class=\"read-more\" href=\"https:\/\/momaa.es\/en\/20230921-creando-ciudad-intervencion-urbana-parque-al-andalus\/\" aria-label=\"More on 2023 CREANDO CIUDAD. INTERVENCION URBANA PARQUE AL ANDALUS\">Read more<\/a><\/p>\n","protected":false},"author":2,"featured_media":3901,"comment_status":"closed","ping_status":"open","sticky":false,"template":"","format":"standard","meta":[],"categories":[74,40,44],"tags":[],"yoast_head":"<!-- This site is optimized with the Yoast SEO plugin v17.4 - https:\/\/yoast.com\/wordpress\/plugins\/seo\/ -->\n<title>2023 CREANDO CIUDAD. INTERVENCION URBANA PARQUE AL ANDALUS - Moreno Mateo Architects<\/title>\n<meta name=\"robots\" content=\"index, follow, max-snippet:-1, max-image-preview:large, max-video-preview:-1\" \/>\n<link rel=\"canonical\" href=\"https:\/\/momaa.es\/en\/20230921-creando-ciudad-intervencion-urbana-parque-al-andalus\/\" \/>\n<meta property=\"og:locale\" content=\"en_US\" \/>\n<meta property=\"og:type\" content=\"article\" \/>\n<meta property=\"og:title\" content=\"2023 CREANDO CIUDAD. INTERVENCION URBANA PARQUE AL ANDALUS - Moreno Mateo Architects\" \/>\n<meta property=\"og:description\" content=\"Andr\u00e9s M. Mateo Fern\u00e1ndez.&nbsp;Arquitecto MoMaa Marbella I Arquitectura I Urbanismo I Dise\u00f1o A\u00f1o 2023 Estamos muy orgulloso de contribuir con esta intervenci\u00f3n urbana que permita hacer de nuestra ciudad un lugar m\u00e1s amable y humana. \u201cSituado en el Distrito Municipal de San Pedro Alc\u00e1ntara se encuentra una jardinera arb\u00f3rea paralelo a la fachada del Colegio ... Read more\" \/>\n<meta property=\"og:url\" content=\"https:\/\/momaa.es\/20230921-creando-ciudad-intervencion-urbana-parque-al-andalus\/\" \/>\n<meta property=\"og:site_name\" content=\"Moreno Mateo Architects\" \/>\n<meta property=\"article:published_time\" content=\"2023-09-24T15:40:07+00:00\" \/>\n<meta property=\"article:modified_time\" content=\"2025-06-30T09:23:01+00:00\" \/>\n<meta property=\"og:image\" content=\"https:\/\/momaa.es\/wp-content\/uploads\/2023\/09\/20230921-AL-ANDALUS.jpg\" \/>\n\t<meta property=\"og:image:width\" content=\"1200\" \/>\n\t<meta property=\"og:image:height\" content=\"800\" \/>\n<meta name=\"twitter:card\" content=\"summary_large_image\" \/>\n<meta name=\"twitter:label1\" content=\"Written by\" \/>\n\t<meta name=\"twitter:data1\" content=\"Andres Moreno Mateo\" \/>\n\t<meta name=\"twitter:label2\" content=\"Est. reading time\" \/>\n\t<meta name=\"twitter:data2\" content=\"1 minute\" \/>\n<script type=\"application\/ld+json\" class=\"yoast-schema-graph\">{\"@context\":\"https:\/\/schema.org\",\"@graph\":[{\"@type\":\"WebSite\",\"@id\":\"https:\/\/momaa.es\/#website\",\"url\":\"https:\/\/momaa.es\/\",\"name\":\"Moreno Mateo Architects\",\"description\":\"Arquitectura | Urbanismo | Dise\\u00f1o\",\"potentialAction\":[{\"@type\":\"SearchAction\",\"target\":{\"@type\":\"EntryPoint\",\"urlTemplate\":\"https:\/\/momaa.es\/?s={search_term_string}\"},\"query-input\":\"required name=search_term_string\"}],\"inLanguage\":\"en-US\"},{\"@type\":\"ImageObject\",\"@id\":\"https:\/\/momaa.es\/20230921-creando-ciudad-intervencion-urbana-parque-al-andalus\/#primaryimage\",\"inLanguage\":\"en-US\",\"url\":\"https:\/\/momaa.es\/wp-content\/uploads\/2023\/09\/20230921-AL-ANDALUS.jpg\",\"contentUrl\":\"https:\/\/momaa.es\/wp-content\/uploads\/2023\/09\/20230921-AL-ANDALUS.jpg\",\"width\":1200,\"height\":800},{\"@type\":\"WebPage\",\"@id\":\"https:\/\/momaa.es\/20230921-creando-ciudad-intervencion-urbana-parque-al-andalus\/#webpage\",\"url\":\"https:\/\/momaa.es\/20230921-creando-ciudad-intervencion-urbana-parque-al-andalus\/\",\"name\":\"2023 CREANDO CIUDAD. INTERVENCION URBANA PARQUE AL ANDALUS - Moreno Mateo Architects\",\"isPartOf\":{\"@id\":\"https:\/\/momaa.es\/#website\"},\"primaryImageOfPage\":{\"@id\":\"https:\/\/momaa.es\/20230921-creando-ciudad-intervencion-urbana-parque-al-andalus\/#primaryimage\"},\"datePublished\":\"2023-09-24T15:40:07+00:00\",\"dateModified\":\"2025-06-30T09:23:01+00:00\",\"author\":{\"@id\":\"https:\/\/momaa.es\/#\/schema\/person\/00e50967ccafd030af0999215190b1e5\"},\"breadcrumb\":{\"@id\":\"https:\/\/momaa.es\/20230921-creando-ciudad-intervencion-urbana-parque-al-andalus\/#breadcrumb\"},\"inLanguage\":\"en-US\",\"potentialAction\":[{\"@type\":\"ReadAction\",\"target\":[\"https:\/\/momaa.es\/20230921-creando-ciudad-intervencion-urbana-parque-al-andalus\/\"]}]},{\"@type\":\"BreadcrumbList\",\"@id\":\"https:\/\/momaa.es\/20230921-creando-ciudad-intervencion-urbana-parque-al-andalus\/#breadcrumb\",\"itemListElement\":[{\"@type\":\"ListItem\",\"position\":1,\"name\":\"Portada\",\"item\":\"https:\/\/momaa.es\/en\/\"},{\"@type\":\"ListItem\",\"position\":2,\"name\":\"2023 CREANDO CIUDAD. INTERVENCION URBANA PARQUE AL ANDALUS\"}]},{\"@type\":\"Person\",\"@id\":\"https:\/\/momaa.es\/#\/schema\/person\/00e50967ccafd030af0999215190b1e5\",\"name\":\"Andres Moreno Mateo\",\"image\":{\"@type\":\"ImageObject\",\"@id\":\"https:\/\/momaa.es\/#personlogo\",\"inLanguage\":\"en-US\",\"url\":\"https:\/\/secure.gravatar.com\/avatar\/643afc17cc2b6534a01582402acb380d?s=96&d=mm&r=g\",\"contentUrl\":\"https:\/\/secure.gravatar.com\/avatar\/643afc17cc2b6534a01582402acb380d?s=96&d=mm&r=g\",\"caption\":\"Andres Moreno Mateo\"}}]}<\/script>\n<!-- \/ Yoast SEO plugin. -->","yoast_head_json":{"title":"2023 CREANDO CIUDAD. INTERVENCION URBANA PARQUE AL ANDALUS - Moreno Mateo Architects","robots":{"index":"index","follow":"follow","max-snippet":"max-snippet:-1","max-image-preview":"max-image-preview:large","max-video-preview":"max-video-preview:-1"},"canonical":"https:\/\/momaa.es\/en\/20230921-creando-ciudad-intervencion-urbana-parque-al-andalus\/","og_locale":"en_US","og_type":"article","og_title":"2023 CREANDO CIUDAD. INTERVENCION URBANA PARQUE AL ANDALUS - Moreno Mateo Architects","og_description":"Andr\u00e9s M. Mateo Fern\u00e1ndez.&nbsp;Arquitecto MoMaa Marbella I Arquitectura I Urbanismo I Dise\u00f1o A\u00f1o 2023 Estamos muy orgulloso de contribuir con esta intervenci\u00f3n urbana que permita hacer de nuestra ciudad un lugar m\u00e1s amable y humana. \u201cSituado en el Distrito Municipal de San Pedro Alc\u00e1ntara se encuentra una jardinera arb\u00f3rea paralelo a la fachada del Colegio ... Read more","og_url":"https:\/\/momaa.es\/20230921-creando-ciudad-intervencion-urbana-parque-al-andalus\/","og_site_name":"Moreno Mateo Architects","article_published_time":"2023-09-24T15:40:07+00:00","article_modified_time":"2025-06-30T09:23:01+00:00","og_image":[{"width":1200,"height":800,"url":"https:\/\/momaa.es\/wp-content\/uploads\/2023\/09\/20230921-AL-ANDALUS.jpg","type":"image\/jpeg"}],"twitter_card":"summary_large_image","twitter_misc":{"Written by":"Andres Moreno Mateo","Est. reading time":"1 minute"},"schema":{"@context":"https:\/\/schema.org","@graph":[{"@type":"WebSite","@id":"https:\/\/momaa.es\/#website","url":"https:\/\/momaa.es\/","name":"Moreno Mateo Architects","description":"Arquitectura | Urbanismo | Dise\u00f1o","potentialAction":[{"@type":"SearchAction","target":{"@type":"EntryPoint","urlTemplate":"https:\/\/momaa.es\/?s={search_term_string}"},"query-input":"required name=search_term_string"}],"inLanguage":"en-US"},{"@type":"ImageObject","@id":"https:\/\/momaa.es\/20230921-creando-ciudad-intervencion-urbana-parque-al-andalus\/#primaryimage","inLanguage":"en-US","url":"https:\/\/momaa.es\/wp-content\/uploads\/2023\/09\/20230921-AL-ANDALUS.jpg","contentUrl":"https:\/\/momaa.es\/wp-content\/uploads\/2023\/09\/20230921-AL-ANDALUS.jpg","width":1200,"height":800},{"@type":"WebPage","@id":"https:\/\/momaa.es\/20230921-creando-ciudad-intervencion-urbana-parque-al-andalus\/#webpage","url":"https:\/\/momaa.es\/20230921-creando-ciudad-intervencion-urbana-parque-al-andalus\/","name":"2023 CREANDO CIUDAD. INTERVENCION URBANA PARQUE AL ANDALUS - Moreno Mateo Architects","isPartOf":{"@id":"https:\/\/momaa.es\/#website"},"primaryImageOfPage":{"@id":"https:\/\/momaa.es\/20230921-creando-ciudad-intervencion-urbana-parque-al-andalus\/#primaryimage"},"datePublished":"2023-09-24T15:40:07+00:00","dateModified":"2025-06-30T09:23:01+00:00","author":{"@id":"https:\/\/momaa.es\/#\/schema\/person\/00e50967ccafd030af0999215190b1e5"},"breadcrumb":{"@id":"https:\/\/momaa.es\/20230921-creando-ciudad-intervencion-urbana-parque-al-andalus\/#breadcrumb"},"inLanguage":"en-US","potentialAction":[{"@type":"ReadAction","target":["https:\/\/momaa.es\/20230921-creando-ciudad-intervencion-urbana-parque-al-andalus\/"]}]},{"@type":"BreadcrumbList","@id":"https:\/\/momaa.es\/20230921-creando-ciudad-intervencion-urbana-parque-al-andalus\/#breadcrumb","itemListElement":[{"@type":"ListItem","position":1,"name":"Portada","item":"https:\/\/momaa.es\/en\/"},{"@type":"ListItem","position":2,"name":"2023 CREANDO CIUDAD. INTERVENCION URBANA PARQUE AL ANDALUS"}]},{"@type":"Person","@id":"https:\/\/momaa.es\/#\/schema\/person\/00e50967ccafd030af0999215190b1e5","name":"Andres Moreno Mateo","image":{"@type":"ImageObject","@id":"https:\/\/momaa.es\/#personlogo","inLanguage":"en-US","url":"https:\/\/secure.gravatar.com\/avatar\/643afc17cc2b6534a01582402acb380d?s=96&d=mm&r=g","contentUrl":"https:\/\/secure.gravatar.com\/avatar\/643afc17cc2b6534a01582402acb380d?s=96&d=mm&r=g","caption":"Andres Moreno Mateo"}}]}},"_links":{"self":[{"href":"https:\/\/momaa.es\/en\/wp-json\/wp\/v2\/posts\/3899"}],"collection":[{"href":"https:\/\/momaa.es\/en\/wp-json\/wp\/v2\/posts"}],"about":[{"href":"https:\/\/momaa.es\/en\/wp-json\/wp\/v2\/types\/post"}],"author":[{"embeddable":true,"href":"https:\/\/momaa.es\/en\/wp-json\/wp\/v2\/users\/2"}],"replies":[{"embeddable":true,"href":"https:\/\/momaa.es\/en\/wp-json\/wp\/v2\/comments?post=3899"}],"version-history":[{"count":9,"href":"https:\/\/momaa.es\/en\/wp-json\/wp\/v2\/posts\/3899\/revisions"}],"predecessor-version":[{"id":4301,"href":"https:\/\/momaa.es\/en\/wp-json\/wp\/v2\/posts\/3899\/revisions\/4301"}],"wp:featuredmedia":[{"embeddable":true,"href":"https:\/\/momaa.es\/en\/wp-json\/wp\/v2\/media\/3901"}],"wp:attachment":[{"href":"https:\/\/momaa.es\/en\/wp-json\/wp\/v2\/media?parent=3899"}],"wp:term":[{"taxonomy":"category","embeddable":true,"href":"https:\/\/momaa.es\/en\/wp-json\/wp\/v2\/categories?post=3899"},{"taxonomy":"post_tag","embeddable":true,"href":"https:\/\/momaa.es\/en\/wp-json\/wp\/v2\/tags?post=3899"}],"curies":[{"name":"wp","href":"https:\/\/api.w.org\/{rel}","templated":true}]}}