{"id":3844,"date":"2022-12-26T11:57:08","date_gmt":"2022-12-26T11:57:08","guid":{"rendered":"https:\/\/momaa.es\/?p=3844"},"modified":"2025-06-30T09:17:46","modified_gmt":"2025-06-30T09:17:46","slug":"reforma-de-apartamento-atico-en-bahia-de-marbella","status":"publish","type":"post","link":"https:\/\/momaa.es\/en\/reforma-de-apartamento-atico-en-bahia-de-marbella\/","title":{"rendered":"Reforma de Apartamento \u00c1tico en Bah\u00eda de Marbella"},"content":{"rendered":"\t\t<div data-elementor-type=\"wp-post\" data-elementor-id=\"3844\" class=\"elementor elementor-3844\" data-elementor-settings=\"[]\">\n\t\t\t\t\t\t<div class=\"elementor-inner\">\n\t\t\t\t\t\t\t<div class=\"elementor-section-wrap\">\n\t\t\t\t\t\t\t<section class=\"elementor-section elementor-top-section elementor-element elementor-element-51e6857 elementor-section-boxed elementor-section-height-default elementor-section-height-default\" data-id=\"51e6857\" data-element_type=\"section\">\n\t\t\t\t\t\t<div class=\"elementor-container elementor-column-gap-default\">\n\t\t\t\t\t\t\t<div class=\"elementor-row\">\n\t\t\t\t\t<div class=\"elementor-column elementor-col-100 elementor-top-column elementor-element elementor-element-3d3413e5\" data-id=\"3d3413e5\" data-element_type=\"column\">\n\t\t\t<div class=\"elementor-column-wrap elementor-element-populated\">\n\t\t\t\t\t\t\t<div class=\"elementor-widget-wrap\">\n\t\t\t\t\t\t<div class=\"elementor-element elementor-element-221a02fb elementor-pagination-position-outside elementor-widget elementor-widget-image-carousel\" data-id=\"221a02fb\" data-element_type=\"widget\" data-settings=\"{&quot;slides_to_show&quot;:&quot;1&quot;,&quot;navigation&quot;:&quot;dots&quot;,&quot;autoplay&quot;:&quot;yes&quot;,&quot;pause_on_hover&quot;:&quot;yes&quot;,&quot;pause_on_interaction&quot;:&quot;yes&quot;,&quot;autoplay_speed&quot;:5000,&quot;infinite&quot;:&quot;yes&quot;,&quot;effect&quot;:&quot;slide&quot;,&quot;speed&quot;:500}\" data-widget_type=\"image-carousel.default\">\n\t\t\t\t<div class=\"elementor-widget-container\">\n\t\t\t\t\t<div class=\"elementor-image-carousel-wrapper swiper-container\" dir=\"ltr\">\n\t\t\t<div class=\"elementor-image-carousel swiper-wrapper swiper-image-stretch\">\n\t\t\t\t\t\t\t\t<div class=\"swiper-slide\"><figure class=\"swiper-slide-inner\"><img class=\"swiper-slide-image\" src=\"https:\/\/momaa.es\/wp-content\/uploads\/2022\/12\/reforma_apartamento_bahia_marbella_12.jpg\" alt=\"reforma_apartamento_bahia_marbella_12\" \/><\/figure><\/div><div class=\"swiper-slide\"><figure class=\"swiper-slide-inner\"><img class=\"swiper-slide-image\" src=\"https:\/\/momaa.es\/wp-content\/uploads\/2022\/12\/reforma_apartamento_bahia_marbella_06.jpg\" alt=\"reforma_apartamento_bahia_marbella_06\" \/><\/figure><\/div><div class=\"swiper-slide\"><figure class=\"swiper-slide-inner\"><img class=\"swiper-slide-image\" src=\"https:\/\/momaa.es\/wp-content\/uploads\/2022\/12\/reforma_apartamento_bahia_marbella_10.jpg\" alt=\"reforma_apartamento_bahia_marbella_10\" \/><\/figure><\/div><div class=\"swiper-slide\"><figure class=\"swiper-slide-inner\"><img class=\"swiper-slide-image\" src=\"https:\/\/momaa.es\/wp-content\/uploads\/2022\/12\/reforma_apartamento_bahia_marbella_08.jpg\" alt=\"reforma_apartamento_bahia_marbella_08\" \/><\/figure><\/div><div class=\"swiper-slide\"><figure class=\"swiper-slide-inner\"><img class=\"swiper-slide-image\" src=\"https:\/\/momaa.es\/wp-content\/uploads\/2022\/12\/reforma_apartamento_bahia_marbella_07.jpg\" alt=\"reforma_apartamento_bahia_marbella_07\" \/><\/figure><\/div><div class=\"swiper-slide\"><figure class=\"swiper-slide-inner\"><img class=\"swiper-slide-image\" src=\"https:\/\/momaa.es\/wp-content\/uploads\/2022\/12\/reforma_apartamento_bahia_marbella_03.jpg\" alt=\"reforma_apartamento_bahia_marbella_03\" \/><\/figure><\/div><div class=\"swiper-slide\"><figure class=\"swiper-slide-inner\"><img class=\"swiper-slide-image\" src=\"https:\/\/momaa.es\/wp-content\/uploads\/2022\/12\/reforma_apartamento_bahia_marbella_02.jpg\" alt=\"reforma_apartamento_bahia_marbella_02\" \/><\/figure><\/div><div class=\"swiper-slide\"><figure class=\"swiper-slide-inner\"><img class=\"swiper-slide-image\" src=\"https:\/\/momaa.es\/wp-content\/uploads\/2022\/12\/reforma_apartamento_bahia_marbella_04.jpg\" alt=\"reforma_apartamento_bahia_marbella_04\" \/><\/figure><\/div>\t\t\t<\/div>\n\t\t\t\t\t\t\t\t\t\t\t\t<div class=\"swiper-pagination\"><\/div>\n\t\t\t\t\t\t\t\t\t\t\t\t\t<\/div>\n\t\t\t\t<\/div>\n\t\t\t\t<\/div>\n\t\t\t\t<div class=\"elementor-element elementor-element-2891da12 elementor-widget elementor-widget-text-editor\" data-id=\"2891da12\" data-element_type=\"widget\" data-widget_type=\"text-editor.default\">\n\t\t\t\t<div class=\"elementor-widget-container\">\n\t\t\t\t\t\t\t\t<div class=\"elementor-text-editor elementor-clearfix\">\n\t\t\t\t<p>REFORMA DE APARTAMENTO ATICO CON VISTA AL MEDITERRANEO<\/p><div><span style=\"font-family: Roboto, serif; font-size: 10.5pt; color: var( --e-global-color-text ); font-weight: var( --e-global-typography-text-font-weight );\">Andr\u00e9s M.\u00a0<\/span><span style=\"font-family: Roboto, serif; font-size: 10.5pt; color: var( --e-global-color-text ); font-weight: var( --e-global-typography-text-font-weight );\">Mateo Fern\u00e1ndez.\u00a0<\/span><i style=\"font-family: Roboto, serif; font-size: 10.5pt; color: var( --e-global-color-text ); font-weight: var( --e-global-typography-text-font-weight );\"><span style=\"padding: 0cm; border: 1pt none windowtext;\">Arquitecto<\/span><\/i><\/div><p style=\"margin: 0cm 0cm 0.0001pt; background-image: initial; background-position: initial; background-size: initial; background-repeat: initial; background-attachment: initial; background-origin: initial; background-clip: initial;\"><span style=\"font-size: 10.5pt; font-family: Roboto, serif;\">MoMaa Marbella I Arquitectura I Urbanismo I Dise\u00f1o<br \/>A\u00f1o 2022<\/span><span style=\"font-family: Roboto, serif; font-size: 10.5pt; color: var( --e-global-color-text ); font-weight: var( --e-global-typography-text-font-weight );\">\u00a0<\/span><\/p><p style=\"margin-bottom: 0.0001pt; text-align: justify; line-height: normal; background-image: initial; background-position: initial; background-size: initial; background-repeat: initial; background-attachment: initial; background-origin: initial; background-clip: initial;\"><span style=\"font-size: 10.5pt; font-family: Roboto, serif;\">Situado en una zona privilegiada de Marbella, en la urbanizaci\u00f3n Bah\u00eda de Marbella, se propuso como objetivo y a su vez reto esta intervenci\u00f3n de reformar interior de un apartamento \u00e1tico, gener\u00e1ndose un dise\u00f1o que potencia las vistas al mediterr\u00e1neo con una respuesta de distribuci\u00f3n limpia y abierta que ha creado ambientes pr\u00e1cticos y\u00a0<\/span><span style=\"font-family: Roboto, serif; font-size: 10.5pt; color: var( --e-global-color-text ); font-weight: var( --e-global-typography-text-font-weight );\">funcionales sin renunciar a la est\u00e9tica. Todo ello, junto con una cuidada elecci\u00f3n\u00a0<\/span><span style=\"font-family: Roboto, serif; font-size: 10.5pt; color: var( --e-global-color-text ); font-weight: var( --e-global-typography-text-font-weight );\">de la materialidad y de las instalaciones se ha finalizado este dise\u00f1o atractivo\u00a0<\/span><span style=\"font-family: Roboto, serif; font-size: 10.5pt; color: var( --e-global-color-text ); font-weight: var( --e-global-typography-text-font-weight );\">y sostenible.\u00a0<\/span><\/p><p><span class=\"TextRun SCXW202277336 BCX0\" lang=\"ES-ES\" xml:lang=\"ES-ES\" data-contrast=\"auto\"><span class=\"NormalTextRun SCXW202277336 BCX0\">&#8211; &#8211; &#8211; &#8211; &#8211; &#8211; &#8211; &#8211; &#8211; &#8211; &#8211; &#8211; &#8211; &#8211; &#8211; &#8211; &#8211; &#8211; &#8211; &#8211; &#8211; &#8211; &#8211; &#8211; &#8211; &#8211; &#8211; &#8211; &#8211; &#8211; &#8211; &#8211; &#8211; &#8211; &#8211; &#8211; &#8211; &#8211; &#8211; &#8211; &#8211; &#8211; &#8211; &#8211; &#8211; &#8211; &#8211; &#8211; &#8211; &#8211; &#8211; &#8211; &#8211; &#8211; &#8211; &#8211; &#8211; &#8211; &#8211;<\/span><\/span><\/p><p>Located in the exclusive Bah\u00eda de Marbella development, this project set out to renovate the interior of a penthouse apartment\u2014an intervention that posed both a goal and a challenge.<\/p><article class=\"text-token-text-primary w-full\" dir=\"auto\" data-testid=\"conversation-turn-90\" data-scroll-anchor=\"true\"><article class=\"text-token-text-primary w-full\" dir=\"auto\" data-testid=\"conversation-turn-90\" data-scroll-anchor=\"true\"><div class=\"text-base my-auto mx-auto py-5 [--thread-content-margin:--spacing(4)] @[37rem]:[--thread-content-margin:--spacing(6)] @[72rem]:[--thread-content-margin:--spacing(16)] px-(--thread-content-margin)\"><div class=\"[--thread-content-max-width:32rem] @[34rem]:[--thread-content-max-width:40rem] @[64rem]:[--thread-content-max-width:48rem] mx-auto flex max-w-(--thread-content-max-width) flex-1 text-base gap-4 md:gap-5 lg:gap-6 group\/turn-messages focus-visible:outline-hidden\" tabindex=\"-1\"><div class=\"group\/conversation-turn relative flex w-full min-w-0 flex-col agent-turn\"><div class=\"relative flex-col gap-1 md:gap-3\"><div class=\"flex max-w-full flex-col grow\"><div class=\"min-h-8 text-message relative flex w-full flex-col items-end gap-2 text-start break-words whitespace-normal [.text-message+&amp;]:mt-5\" dir=\"auto\" data-message-author-role=\"assistant\" data-message-id=\"c20f62d7-3a67-4edd-a34f-4568c91c59c0\" data-message-model-slug=\"gpt-4o\"><div class=\"flex w-full flex-col gap-1 empty:hidden first:pt-[3px]\"><div class=\"markdown prose dark:prose-invert w-full break-words light\"><p data-start=\"184\" data-end=\"479\" data-is-last-node=\"\" data-is-only-node=\"\">The design enhances the apartment\u2019s stunning Mediterranean views through a clean, open layout that creates practical, functional spaces without compromising on aesthetics. Careful selection of materials and systems completes a renovation that is not only visually appealing but also sustainable.<\/p><\/div><p data-start=\"184\" data-end=\"479\" data-is-last-node=\"\" data-is-only-node=\"\">\u00a0<\/p><\/div><\/div><\/div><div class=\"flex min-h-[46px] justify-start\"><div class=\"touch:-me-2 touch:-ms-3.5 -ms-2.5 -me-1 flex flex-wrap items-center gap-y-4 p-1 select-none touch:w-[calc(100%+--spacing(3.5))] -mt-1 w-[calc(100%+--spacing(2.5))] duration-[1.5s] focus-within:transition-none hover:transition-none pointer-events-none [mask-image:linear-gradient(to_right,black_33%,transparent_66%)] [mask-size:300%_100%] [mask-position:100%_0%] motion-safe:transition-[mask-position] group-hover\/turn-messages:pointer-events-auto group-hover\/turn-messages:[mask-position:0_0] group-focus-within\/turn-messages:pointer-events-auto group-focus-within\/turn-messages:[mask-position:0_0] has-data-[state=open]:pointer-events-auto has-data-[state=open]:[mask-position:0_0]\">\u00a0<\/div><\/div><\/div><\/div><\/div><\/div><\/article><div class=\"pointer-events-none h-px w-px\" aria-hidden=\"true\" data-edge=\"true\">\u00a0<\/div><div class=\"text-base my-auto mx-auto py-5 [--thread-content-margin:--spacing(4)] @[37rem]:[--thread-content-margin:--spacing(6)] @[72rem]:[--thread-content-margin:--spacing(16)] px-(--thread-content-margin)\"><div class=\"[--thread-content-max-width:32rem] @[34rem]:[--thread-content-max-width:40rem] @[64rem]:[--thread-content-max-width:48rem] mx-auto flex max-w-(--thread-content-max-width) flex-1 text-base gap-4 md:gap-5 lg:gap-6 group\/turn-messages focus-visible:outline-hidden\" tabindex=\"-1\"><div class=\"group\/conversation-turn relative flex w-full min-w-0 flex-col agent-turn\"><div class=\"relative flex-col gap-1 md:gap-3\"><div class=\"flex min-h-[46px] justify-start\"><div class=\"touch:-me-2 touch:-ms-3.5 -ms-2.5 -me-1 flex flex-wrap items-center gap-y-4 p-1 select-none touch:w-[calc(100%+--spacing(3.5))] -mt-1 w-[calc(100%+--spacing(2.5))] duration-[1.5s] focus-within:transition-none hover:transition-none pointer-events-none [mask-image:linear-gradient(to_right,black_33%,transparent_66%)] [mask-size:300%_100%] [mask-position:100%_0%] motion-safe:transition-[mask-position] group-hover\/turn-messages:pointer-events-auto group-hover\/turn-messages:[mask-position:0_0] group-focus-within\/turn-messages:pointer-events-auto group-focus-within\/turn-messages:[mask-position:0_0] has-data-[state=open]:pointer-events-auto has-data-[state=open]:[mask-position:0_0]\">\u00a0<\/div><\/div><\/div><\/div><\/div><\/div><\/article><div class=\"pointer-events-none h-px w-px\" aria-hidden=\"true\" data-edge=\"true\">\u00a0<\/div>\t\t\t\t\t<\/div>\n\t\t\t\t\t\t<\/div>\n\t\t\t\t<\/div>\n\t\t\t\t<div class=\"elementor-element elementor-element-7cad7238 elementor-button-info elementor-align-left elementor-widget elementor-widget-button\" data-id=\"7cad7238\" data-element_type=\"widget\" data-widget_type=\"button.default\">\n\t\t\t\t<div class=\"elementor-widget-container\">\n\t\t\t\t\t<div class=\"elementor-button-wrapper\">\n\t\t\t<a href=\"https:\/\/momaa.es\/proyectos\/\" class=\"elementor-button-link elementor-button elementor-size-xs\" role=\"button\">\n\t\t\t\t\t\t<span class=\"elementor-button-content-wrapper\">\n\t\t\t\t\t\t<span class=\"elementor-button-text\">BACK<<<<\/span>\n\t\t<\/span>\n\t\t\t\t\t<\/a>\n\t\t<\/div>\n\t\t\t\t<\/div>\n\t\t\t\t<\/div>\n\t\t\t\t\t\t<\/div>\n\t\t\t\t\t<\/div>\n\t\t<\/div>\n\t\t\t\t\t\t\t\t<\/div>\n\t\t\t\t\t<\/div>\n\t\t<\/section>\n\t\t\t\t\t\t<\/div>\n\t\t\t\t\t\t<\/div>\n\t\t\t\t\t<\/div>\n\t\t ","protected":false},"excerpt":{"rendered":"<p>REFORMA DE APARTAMENTO ATICO CON VISTA AL MEDITERRANEO Andr\u00e9s M.\u00a0Mateo Fern\u00e1ndez.\u00a0Arquitecto MoMaa Marbella I Arquitectura I Urbanismo I Dise\u00f1oA\u00f1o 2022\u00a0 Situado en una zona privilegiada de Marbella, en la urbanizaci\u00f3n Bah\u00eda de Marbella, se propuso como objetivo y a su vez reto esta intervenci\u00f3n de reformar interior de un apartamento \u00e1tico, gener\u00e1ndose un dise\u00f1o que &#8230; <a title=\"Reforma de Apartamento \u00c1tico en Bah\u00eda de Marbella\" class=\"read-more\" href=\"https:\/\/momaa.es\/en\/reforma-de-apartamento-atico-en-bahia-de-marbella\/\" aria-label=\"More on Reforma de Apartamento \u00c1tico en Bah\u00eda de Marbella\">Read more<\/a><\/p>\n","protected":false},"author":2,"featured_media":3850,"comment_status":"closed","ping_status":"open","sticky":false,"template":"","format":"standard","meta":[],"categories":[73,42,43],"tags":[],"yoast_head":"<!-- This site is optimized with the Yoast SEO plugin v17.4 - https:\/\/yoast.com\/wordpress\/plugins\/seo\/ -->\n<title>Reforma de Apartamento \u00c1tico en Bah\u00eda de Marbella - Moreno Mateo Architects<\/title>\n<meta name=\"robots\" content=\"index, follow, max-snippet:-1, max-image-preview:large, max-video-preview:-1\" \/>\n<link rel=\"canonical\" href=\"https:\/\/momaa.es\/en\/reforma-de-apartamento-atico-en-bahia-de-marbella\/\" \/>\n<meta property=\"og:locale\" content=\"en_US\" \/>\n<meta property=\"og:type\" content=\"article\" \/>\n<meta property=\"og:title\" content=\"Reforma de Apartamento \u00c1tico en Bah\u00eda de Marbella - Moreno Mateo Architects\" \/>\n<meta property=\"og:description\" content=\"REFORMA DE APARTAMENTO ATICO CON VISTA AL MEDITERRANEO Andr\u00e9s M.\u00a0Mateo Fern\u00e1ndez.\u00a0Arquitecto MoMaa Marbella I Arquitectura I Urbanismo I Dise\u00f1oA\u00f1o 2022\u00a0 Situado en una zona privilegiada de Marbella, en la urbanizaci\u00f3n Bah\u00eda de Marbella, se propuso como objetivo y a su vez reto esta intervenci\u00f3n de reformar interior de un apartamento \u00e1tico, gener\u00e1ndose un dise\u00f1o que ... Read more\" \/>\n<meta property=\"og:url\" content=\"https:\/\/momaa.es\/reforma-de-apartamento-atico-en-bahia-de-marbella\/\" \/>\n<meta property=\"og:site_name\" content=\"Moreno Mateo Architects\" \/>\n<meta property=\"article:published_time\" content=\"2022-12-26T11:57:08+00:00\" \/>\n<meta property=\"article:modified_time\" content=\"2025-06-30T09:17:46+00:00\" \/>\n<meta property=\"og:image\" content=\"https:\/\/momaa.es\/wp-content\/uploads\/2022\/12\/reforma_apartamento_bahia_marbella_02.jpg\" \/>\n\t<meta property=\"og:image:width\" content=\"1200\" \/>\n\t<meta property=\"og:image:height\" content=\"675\" \/>\n<meta name=\"twitter:card\" content=\"summary_large_image\" \/>\n<meta name=\"twitter:label1\" content=\"Written by\" \/>\n\t<meta name=\"twitter:data1\" content=\"Andres Moreno Mateo\" \/>\n\t<meta name=\"twitter:label2\" content=\"Est. reading time\" \/>\n\t<meta name=\"twitter:data2\" content=\"3 minutes\" \/>\n<script type=\"application\/ld+json\" class=\"yoast-schema-graph\">{\"@context\":\"https:\/\/schema.org\",\"@graph\":[{\"@type\":\"WebSite\",\"@id\":\"https:\/\/momaa.es\/#website\",\"url\":\"https:\/\/momaa.es\/\",\"name\":\"Moreno Mateo Architects\",\"description\":\"Arquitectura | Urbanismo | Dise\\u00f1o\",\"potentialAction\":[{\"@type\":\"SearchAction\",\"target\":{\"@type\":\"EntryPoint\",\"urlTemplate\":\"https:\/\/momaa.es\/?s={search_term_string}\"},\"query-input\":\"required name=search_term_string\"}],\"inLanguage\":\"en-US\"},{\"@type\":\"ImageObject\",\"@id\":\"https:\/\/momaa.es\/reforma-de-apartamento-atico-en-bahia-de-marbella\/#primaryimage\",\"inLanguage\":\"en-US\",\"url\":\"https:\/\/momaa.es\/wp-content\/uploads\/2022\/12\/reforma_apartamento_bahia_marbella_02.jpg\",\"contentUrl\":\"https:\/\/momaa.es\/wp-content\/uploads\/2022\/12\/reforma_apartamento_bahia_marbella_02.jpg\",\"width\":1200,\"height\":675},{\"@type\":\"WebPage\",\"@id\":\"https:\/\/momaa.es\/reforma-de-apartamento-atico-en-bahia-de-marbella\/#webpage\",\"url\":\"https:\/\/momaa.es\/reforma-de-apartamento-atico-en-bahia-de-marbella\/\",\"name\":\"Reforma de Apartamento \\u00c1tico en Bah\\u00eda de Marbella - Moreno Mateo Architects\",\"isPartOf\":{\"@id\":\"https:\/\/momaa.es\/#website\"},\"primaryImageOfPage\":{\"@id\":\"https:\/\/momaa.es\/reforma-de-apartamento-atico-en-bahia-de-marbella\/#primaryimage\"},\"datePublished\":\"2022-12-26T11:57:08+00:00\",\"dateModified\":\"2025-06-30T09:17:46+00:00\",\"author\":{\"@id\":\"https:\/\/momaa.es\/#\/schema\/person\/00e50967ccafd030af0999215190b1e5\"},\"breadcrumb\":{\"@id\":\"https:\/\/momaa.es\/reforma-de-apartamento-atico-en-bahia-de-marbella\/#breadcrumb\"},\"inLanguage\":\"en-US\",\"potentialAction\":[{\"@type\":\"ReadAction\",\"target\":[\"https:\/\/momaa.es\/reforma-de-apartamento-atico-en-bahia-de-marbella\/\"]}]},{\"@type\":\"BreadcrumbList\",\"@id\":\"https:\/\/momaa.es\/reforma-de-apartamento-atico-en-bahia-de-marbella\/#breadcrumb\",\"itemListElement\":[{\"@type\":\"ListItem\",\"position\":1,\"name\":\"Portada\",\"item\":\"https:\/\/momaa.es\/en\/\"},{\"@type\":\"ListItem\",\"position\":2,\"name\":\"Reforma de Apartamento \\u00c1tico en Bah\\u00eda de Marbella\"}]},{\"@type\":\"Person\",\"@id\":\"https:\/\/momaa.es\/#\/schema\/person\/00e50967ccafd030af0999215190b1e5\",\"name\":\"Andres Moreno Mateo\",\"image\":{\"@type\":\"ImageObject\",\"@id\":\"https:\/\/momaa.es\/#personlogo\",\"inLanguage\":\"en-US\",\"url\":\"https:\/\/secure.gravatar.com\/avatar\/643afc17cc2b6534a01582402acb380d?s=96&d=mm&r=g\",\"contentUrl\":\"https:\/\/secure.gravatar.com\/avatar\/643afc17cc2b6534a01582402acb380d?s=96&d=mm&r=g\",\"caption\":\"Andres Moreno Mateo\"}}]}<\/script>\n<!-- \/ Yoast SEO plugin. -->","yoast_head_json":{"title":"Reforma de Apartamento \u00c1tico en Bah\u00eda de Marbella - Moreno Mateo Architects","robots":{"index":"index","follow":"follow","max-snippet":"max-snippet:-1","max-image-preview":"max-image-preview:large","max-video-preview":"max-video-preview:-1"},"canonical":"https:\/\/momaa.es\/en\/reforma-de-apartamento-atico-en-bahia-de-marbella\/","og_locale":"en_US","og_type":"article","og_title":"Reforma de Apartamento \u00c1tico en Bah\u00eda de Marbella - Moreno Mateo Architects","og_description":"REFORMA DE APARTAMENTO ATICO CON VISTA AL MEDITERRANEO Andr\u00e9s M.\u00a0Mateo Fern\u00e1ndez.\u00a0Arquitecto MoMaa Marbella I Arquitectura I Urbanismo I Dise\u00f1oA\u00f1o 2022\u00a0 Situado en una zona privilegiada de Marbella, en la urbanizaci\u00f3n Bah\u00eda de Marbella, se propuso como objetivo y a su vez reto esta intervenci\u00f3n de reformar interior de un apartamento \u00e1tico, gener\u00e1ndose un dise\u00f1o que ... Read more","og_url":"https:\/\/momaa.es\/reforma-de-apartamento-atico-en-bahia-de-marbella\/","og_site_name":"Moreno Mateo Architects","article_published_time":"2022-12-26T11:57:08+00:00","article_modified_time":"2025-06-30T09:17:46+00:00","og_image":[{"width":1200,"height":675,"url":"https:\/\/momaa.es\/wp-content\/uploads\/2022\/12\/reforma_apartamento_bahia_marbella_02.jpg","type":"image\/jpeg"}],"twitter_card":"summary_large_image","twitter_misc":{"Written by":"Andres Moreno Mateo","Est. reading time":"3 minutes"},"schema":{"@context":"https:\/\/schema.org","@graph":[{"@type":"WebSite","@id":"https:\/\/momaa.es\/#website","url":"https:\/\/momaa.es\/","name":"Moreno Mateo Architects","description":"Arquitectura | Urbanismo | Dise\u00f1o","potentialAction":[{"@type":"SearchAction","target":{"@type":"EntryPoint","urlTemplate":"https:\/\/momaa.es\/?s={search_term_string}"},"query-input":"required name=search_term_string"}],"inLanguage":"en-US"},{"@type":"ImageObject","@id":"https:\/\/momaa.es\/reforma-de-apartamento-atico-en-bahia-de-marbella\/#primaryimage","inLanguage":"en-US","url":"https:\/\/momaa.es\/wp-content\/uploads\/2022\/12\/reforma_apartamento_bahia_marbella_02.jpg","contentUrl":"https:\/\/momaa.es\/wp-content\/uploads\/2022\/12\/reforma_apartamento_bahia_marbella_02.jpg","width":1200,"height":675},{"@type":"WebPage","@id":"https:\/\/momaa.es\/reforma-de-apartamento-atico-en-bahia-de-marbella\/#webpage","url":"https:\/\/momaa.es\/reforma-de-apartamento-atico-en-bahia-de-marbella\/","name":"Reforma de Apartamento \u00c1tico en Bah\u00eda de Marbella - Moreno Mateo Architects","isPartOf":{"@id":"https:\/\/momaa.es\/#website"},"primaryImageOfPage":{"@id":"https:\/\/momaa.es\/reforma-de-apartamento-atico-en-bahia-de-marbella\/#primaryimage"},"datePublished":"2022-12-26T11:57:08+00:00","dateModified":"2025-06-30T09:17:46+00:00","author":{"@id":"https:\/\/momaa.es\/#\/schema\/person\/00e50967ccafd030af0999215190b1e5"},"breadcrumb":{"@id":"https:\/\/momaa.es\/reforma-de-apartamento-atico-en-bahia-de-marbella\/#breadcrumb"},"inLanguage":"en-US","potentialAction":[{"@type":"ReadAction","target":["https:\/\/momaa.es\/reforma-de-apartamento-atico-en-bahia-de-marbella\/"]}]},{"@type":"BreadcrumbList","@id":"https:\/\/momaa.es\/reforma-de-apartamento-atico-en-bahia-de-marbella\/#breadcrumb","itemListElement":[{"@type":"ListItem","position":1,"name":"Portada","item":"https:\/\/momaa.es\/en\/"},{"@type":"ListItem","position":2,"name":"Reforma de Apartamento \u00c1tico en Bah\u00eda de Marbella"}]},{"@type":"Person","@id":"https:\/\/momaa.es\/#\/schema\/person\/00e50967ccafd030af0999215190b1e5","name":"Andres Moreno Mateo","image":{"@type":"ImageObject","@id":"https:\/\/momaa.es\/#personlogo","inLanguage":"en-US","url":"https:\/\/secure.gravatar.com\/avatar\/643afc17cc2b6534a01582402acb380d?s=96&d=mm&r=g","contentUrl":"https:\/\/secure.gravatar.com\/avatar\/643afc17cc2b6534a01582402acb380d?s=96&d=mm&r=g","caption":"Andres Moreno Mateo"}}]}},"_links":{"self":[{"href":"https:\/\/momaa.es\/en\/wp-json\/wp\/v2\/posts\/3844"}],"collection":[{"href":"https:\/\/momaa.es\/en\/wp-json\/wp\/v2\/posts"}],"about":[{"href":"https:\/\/momaa.es\/en\/wp-json\/wp\/v2\/types\/post"}],"author":[{"embeddable":true,"href":"https:\/\/momaa.es\/en\/wp-json\/wp\/v2\/users\/2"}],"replies":[{"embeddable":true,"href":"https:\/\/momaa.es\/en\/wp-json\/wp\/v2\/comments?post=3844"}],"version-history":[{"count":14,"href":"https:\/\/momaa.es\/en\/wp-json\/wp\/v2\/posts\/3844\/revisions"}],"predecessor-version":[{"id":4294,"href":"https:\/\/momaa.es\/en\/wp-json\/wp\/v2\/posts\/3844\/revisions\/4294"}],"wp:featuredmedia":[{"embeddable":true,"href":"https:\/\/momaa.es\/en\/wp-json\/wp\/v2\/media\/3850"}],"wp:attachment":[{"href":"https:\/\/momaa.es\/en\/wp-json\/wp\/v2\/media?parent=3844"}],"wp:term":[{"taxonomy":"category","embeddable":true,"href":"https:\/\/momaa.es\/en\/wp-json\/wp\/v2\/categories?post=3844"},{"taxonomy":"post_tag","embeddable":true,"href":"https:\/\/momaa.es\/en\/wp-json\/wp\/v2\/tags?post=3844"}],"curies":[{"name":"wp","href":"https:\/\/api.w.org\/{rel}","templated":true}]}}