{"id":3686,"date":"2022-03-13T20:50:56","date_gmt":"2022-03-13T20:50:56","guid":{"rendered":"https:\/\/momaa.es\/?p=3686"},"modified":"2025-06-30T09:08:00","modified_gmt":"2025-06-30T09:08:00","slug":"eliminacion-de-barreras-arquitectonicas-san-pedro-alcantara-marbella-2","status":"publish","type":"post","link":"https:\/\/momaa.es\/en\/eliminacion-de-barreras-arquitectonicas-san-pedro-alcantara-marbella-2\/","title":{"rendered":"Fuente Bautismal, San Pedro Alc\u00e1ntara, Marbella."},"content":{"rendered":"\t\t<div data-elementor-type=\"wp-post\" data-elementor-id=\"3686\" class=\"elementor elementor-3686\" data-elementor-settings=\"[]\">\n\t\t\t\t\t\t<div class=\"elementor-inner\">\n\t\t\t\t\t\t\t<div class=\"elementor-section-wrap\">\n\t\t\t\t\t\t\t<section class=\"elementor-section elementor-top-section elementor-element elementor-element-51e6857 elementor-section-boxed elementor-section-height-default elementor-section-height-default\" data-id=\"51e6857\" data-element_type=\"section\">\n\t\t\t\t\t\t<div class=\"elementor-container elementor-column-gap-default\">\n\t\t\t\t\t\t\t<div class=\"elementor-row\">\n\t\t\t\t\t<div class=\"elementor-column elementor-col-100 elementor-top-column elementor-element elementor-element-3d3413e5\" data-id=\"3d3413e5\" data-element_type=\"column\">\n\t\t\t<div class=\"elementor-column-wrap elementor-element-populated\">\n\t\t\t\t\t\t\t<div class=\"elementor-widget-wrap\">\n\t\t\t\t\t\t<div class=\"elementor-element elementor-element-221a02fb elementor-pagination-position-outside elementor-widget elementor-widget-image-carousel\" data-id=\"221a02fb\" data-element_type=\"widget\" data-settings=\"{&quot;slides_to_show&quot;:&quot;1&quot;,&quot;navigation&quot;:&quot;dots&quot;,&quot;autoplay&quot;:&quot;yes&quot;,&quot;pause_on_hover&quot;:&quot;yes&quot;,&quot;pause_on_interaction&quot;:&quot;yes&quot;,&quot;autoplay_speed&quot;:5000,&quot;infinite&quot;:&quot;yes&quot;,&quot;effect&quot;:&quot;slide&quot;,&quot;speed&quot;:500}\" data-widget_type=\"image-carousel.default\">\n\t\t\t\t<div class=\"elementor-widget-container\">\n\t\t\t\t\t<div class=\"elementor-image-carousel-wrapper swiper-container\" dir=\"ltr\">\n\t\t\t<div class=\"elementor-image-carousel swiper-wrapper swiper-image-stretch\">\n\t\t\t\t\t\t\t\t<div class=\"swiper-slide\"><figure class=\"swiper-slide-inner\"><img class=\"swiper-slide-image\" src=\"https:\/\/momaa.es\/wp-content\/uploads\/2022\/12\/fuente_bautismal_marbella_12.jpg\" alt=\"fuente_bautismal_marbella_12\" \/><\/figure><\/div><div class=\"swiper-slide\"><figure class=\"swiper-slide-inner\"><img class=\"swiper-slide-image\" src=\"https:\/\/momaa.es\/wp-content\/uploads\/2022\/12\/fuente_bautismal_marbella_04.jpg\" alt=\"fuente_bautismal_marbella_04\" \/><\/figure><\/div><div class=\"swiper-slide\"><figure class=\"swiper-slide-inner\"><img class=\"swiper-slide-image\" src=\"https:\/\/momaa.es\/wp-content\/uploads\/2022\/12\/fuente_bautismal_marbella_07.jpg\" alt=\"fuente_bautismal_marbella_07\" \/><\/figure><\/div><div class=\"swiper-slide\"><figure class=\"swiper-slide-inner\"><img class=\"swiper-slide-image\" src=\"https:\/\/momaa.es\/wp-content\/uploads\/2022\/12\/fuente_bautismal_marbella_08.jpg\" alt=\"fuente_bautismal_marbella_08\" \/><\/figure><\/div><div class=\"swiper-slide\"><figure class=\"swiper-slide-inner\"><img class=\"swiper-slide-image\" src=\"https:\/\/momaa.es\/wp-content\/uploads\/2022\/12\/fuente_bautismal_marbella_09.jpg\" alt=\"fuente_bautismal_marbella_09\" \/><\/figure><\/div><div class=\"swiper-slide\"><figure class=\"swiper-slide-inner\"><img class=\"swiper-slide-image\" src=\"https:\/\/momaa.es\/wp-content\/uploads\/2022\/12\/fuente_bautismal_marbella_10.jpg\" alt=\"fuente_bautismal_marbella_10\" \/><\/figure><\/div><div class=\"swiper-slide\"><figure class=\"swiper-slide-inner\"><img class=\"swiper-slide-image\" src=\"https:\/\/momaa.es\/wp-content\/uploads\/2022\/03\/fuente-bautismal-san-pedro-alcantara.jpg\" alt=\"fuente bautismal san pedro alcantara\" \/><\/figure><\/div>\t\t\t<\/div>\n\t\t\t\t\t\t\t\t\t\t\t\t<div class=\"swiper-pagination\"><\/div>\n\t\t\t\t\t\t\t\t\t\t\t\t\t<\/div>\n\t\t\t\t<\/div>\n\t\t\t\t<\/div>\n\t\t\t\t<div class=\"elementor-element elementor-element-2891da12 elementor-widget elementor-widget-text-editor\" data-id=\"2891da12\" data-element_type=\"widget\" data-widget_type=\"text-editor.default\">\n\t\t\t\t<div class=\"elementor-widget-container\">\n\t\t\t\t\t\t\t\t<div class=\"elementor-text-editor elementor-clearfix\">\n\t\t\t\t<h3>FUENTE BAUTISMAL, SAN PEDRO ALC\u00c1NTARA, MARBELLA<\/h3><p>Andr\u00e9s M. Mateo Fern\u00e1ndez. <em>Arquitecto<\/em><br \/>MoMaa Marbella I Arquitectura I Urbanismo I Dise\u00f1o<br \/>A\u00f1o 2022<\/p><p><span style=\"font-size: 11.5pt; line-height: 107%; font-family: Roboto, serif; background-image: initial; background-position: initial; background-size: initial; background-repeat: initial; background-attachment: initial; background-origin: initial; background-clip: initial;\">El pueblo de San Pedro Alc\u00e1ntara tiene la fortuna de contar con un importante patrimonio hist\u00f3rico incluyendo edificaciones romanas como son las termas de las b\u00f3vedas y la bas\u00edlica paleocristiana Vega del Mar.<\/span><\/p><p><span style=\"font-family: Roboto, serif; font-size: 11.5pt; color: var( --e-global-color-text ); font-weight: var( --e-global-typography-text-font-weight );\">Buscando un dise\u00f1o cl\u00e1sico a la vez que contempor\u00e1neo, decidimos reinterpretar uno de los elementos hist\u00f3ricos m\u00e1s antiguo e importante de la zona, la pila bautismal de la Bas\u00edlica Vega del Mar, \u00fanica en Espa\u00f1a por sus caracter\u00edsticas con esta fuente buscamos, adem\u00e1s de generar un espacio atractivo que invite a recorrer el parque de la avenida, hacer un reconocimiento a nuestra historia, a veces olvidada la fuente se levanta del terreno de modo que podemos &#8220;entrar&#8221; en ella, ofreciendo una experiencia \u00fanica en torno a sus chorros de agua; y atravesarla, desembocando en una plaza con zonas de estar protegidas del sol, para despu\u00e9s poder continuar el recorrido por la avenida del mediterr\u00e1neo a trav\u00e9s de su parque, en resumen no solo contar con elemento ornamental sino de tener una experiencia al pasar por ella\u2026.\u00a0<\/span><\/p><p><span class=\"TextRun SCXW248237280 BCX0\" lang=\"ES-ES\" xml:lang=\"ES-ES\" data-contrast=\"auto\"><span class=\"NormalTextRun SCXW248237280 BCX0\">&#8211; &#8211; &#8211; &#8211; &#8211; &#8211; &#8211; &#8211; &#8211; &#8211; &#8211; &#8211; &#8211; &#8211; &#8211; &#8211; &#8211; &#8211; &#8211; &#8211; &#8211; &#8211; &#8211; &#8211; &#8211; &#8211; &#8211; &#8211; &#8211; &#8211; &#8211; &#8211; &#8211; &#8211; &#8211; &#8211; &#8211; &#8211; &#8211; &#8211; &#8211; &#8211; &#8211; &#8211; &#8211; &#8211; &#8211; &#8211; &#8211; &#8211; &#8211; &#8211; &#8211; &#8211; &#8211; &#8211; &#8211; &#8211; &#8211;<\/span><\/span><span class=\"EOP SCXW248237280 BCX0\" data-ccp-props=\"{&quot;134233117&quot;:false,&quot;134233118&quot;:false,&quot;201341983&quot;:0,&quot;335551550&quot;:1,&quot;335551620&quot;:1,&quot;335559685&quot;:0,&quot;335559737&quot;:0,&quot;335559738&quot;:0,&quot;335559739&quot;:160,&quot;335559740&quot;:279}\">\u00a0<\/span><\/p><p data-start=\"0\" data-end=\"114\">San Pedro Alc\u00e1ntara boasts significant historical heritage, including Roman baths and the Vega del Mar Basilica.<\/p><p data-start=\"116\" data-end=\"407\">We reinterpreted the basilica\u2019s unique baptismal font with a design that\u2019s both classic and contemporary. The fountain rises from the ground, allowing visitors to walk through and experience the water jets up close. It leads to a shaded plaza and connects to the Mediterranean Avenue park.<\/p><p data-start=\"409\" data-end=\"494\" data-is-last-node=\"\" data-is-only-node=\"\">This project honors local history while creating an engaging, immersive public space.<\/p><p><span style=\"font-family: Roboto, serif;\"><span style=\"font-size: 15.3333px;\">https:\/\/www.youtube.com\/watch?v=NdnTqMqVmkI<\/span><\/span><\/p><p>https:\/\/www.marbella.es\/actualidad\/noticias\/la-avenida-del-mediterraneo-de-san-pedro-alcantara-estrena-un-nuevo-parque-con-una-fuente-transitable-inspirada-en-la-pila-bautismal-de-la-basilica-vega-del-mar.html<\/p>\t\t\t\t\t<\/div>\n\t\t\t\t\t\t<\/div>\n\t\t\t\t<\/div>\n\t\t\t\t<div class=\"elementor-element elementor-element-7cad7238 elementor-button-info elementor-align-left elementor-widget elementor-widget-button\" data-id=\"7cad7238\" data-element_type=\"widget\" data-widget_type=\"button.default\">\n\t\t\t\t<div class=\"elementor-widget-container\">\n\t\t\t\t\t<div class=\"elementor-button-wrapper\">\n\t\t\t<a href=\"https:\/\/momaa.es\/proyectos\/\" class=\"elementor-button-link elementor-button elementor-size-xs\" role=\"button\">\n\t\t\t\t\t\t<span class=\"elementor-button-content-wrapper\">\n\t\t\t\t\t\t<span class=\"elementor-button-text\">BACK<<<<\/span>\n\t\t<\/span>\n\t\t\t\t\t<\/a>\n\t\t<\/div>\n\t\t\t\t<\/div>\n\t\t\t\t<\/div>\n\t\t\t\t\t\t<\/div>\n\t\t\t\t\t<\/div>\n\t\t<\/div>\n\t\t\t\t\t\t\t\t<\/div>\n\t\t\t\t\t<\/div>\n\t\t<\/section>\n\t\t\t\t\t\t<\/div>\n\t\t\t\t\t\t<\/div>\n\t\t\t\t\t<\/div>\n\t\t ","protected":false},"excerpt":{"rendered":"<p>FUENTE BAUTISMAL, SAN PEDRO ALC\u00c1NTARA, MARBELLA Andr\u00e9s M. Mateo Fern\u00e1ndez. ArquitectoMoMaa Marbella I Arquitectura I Urbanismo I Dise\u00f1oA\u00f1o 2022 El pueblo de San Pedro Alc\u00e1ntara tiene la fortuna de contar con un importante patrimonio hist\u00f3rico incluyendo edificaciones romanas como son las termas de las b\u00f3vedas y la bas\u00edlica paleocristiana Vega del Mar. Buscando un dise\u00f1o &#8230; <a title=\"Fuente Bautismal, San Pedro Alc\u00e1ntara, Marbella.\" class=\"read-more\" href=\"https:\/\/momaa.es\/en\/eliminacion-de-barreras-arquitectonicas-san-pedro-alcantara-marbella-2\/\" aria-label=\"More on Fuente Bautismal, San Pedro Alc\u00e1ntara, Marbella.\">Read more<\/a><\/p>\n","protected":false},"author":2,"featured_media":3687,"comment_status":"closed","ping_status":"open","sticky":false,"template":"","format":"standard","meta":[],"categories":[73,38,42,44],"tags":[],"yoast_head":"<!-- This site is optimized with the Yoast SEO plugin v17.4 - https:\/\/yoast.com\/wordpress\/plugins\/seo\/ -->\n<title>Fuente Bautismal, San Pedro Alc\u00e1ntara, Marbella. - Moreno Mateo Architects<\/title>\n<meta name=\"robots\" content=\"index, follow, max-snippet:-1, max-image-preview:large, max-video-preview:-1\" \/>\n<link rel=\"canonical\" href=\"https:\/\/momaa.es\/en\/eliminacion-de-barreras-arquitectonicas-san-pedro-alcantara-marbella-2\/\" \/>\n<meta property=\"og:locale\" content=\"en_US\" \/>\n<meta property=\"og:type\" content=\"article\" \/>\n<meta property=\"og:title\" content=\"Fuente Bautismal, San Pedro Alc\u00e1ntara, Marbella. - Moreno Mateo Architects\" \/>\n<meta property=\"og:description\" content=\"FUENTE BAUTISMAL, SAN PEDRO ALC\u00c1NTARA, MARBELLA Andr\u00e9s M. Mateo Fern\u00e1ndez. ArquitectoMoMaa Marbella I Arquitectura I Urbanismo I Dise\u00f1oA\u00f1o 2022 El pueblo de San Pedro Alc\u00e1ntara tiene la fortuna de contar con un importante patrimonio hist\u00f3rico incluyendo edificaciones romanas como son las termas de las b\u00f3vedas y la bas\u00edlica paleocristiana Vega del Mar. Buscando un dise\u00f1o ... Read more\" \/>\n<meta property=\"og:url\" content=\"https:\/\/momaa.es\/eliminacion-de-barreras-arquitectonicas-san-pedro-alcantara-marbella-2\/\" \/>\n<meta property=\"og:site_name\" content=\"Moreno Mateo Architects\" \/>\n<meta property=\"article:published_time\" content=\"2022-03-13T20:50:56+00:00\" \/>\n<meta property=\"article:modified_time\" content=\"2025-06-30T09:08:00+00:00\" \/>\n<meta property=\"og:image\" content=\"https:\/\/momaa.es\/wp-content\/uploads\/2022\/03\/fuente-bautismal-montaje-san-pedro-alcantara.jpg\" \/>\n\t<meta property=\"og:image:width\" content=\"1200\" \/>\n\t<meta property=\"og:image:height\" content=\"682\" \/>\n<meta name=\"twitter:card\" content=\"summary_large_image\" \/>\n<meta name=\"twitter:label1\" content=\"Written by\" \/>\n\t<meta name=\"twitter:data1\" content=\"Andres Moreno Mateo\" \/>\n\t<meta name=\"twitter:label2\" content=\"Est. reading time\" \/>\n\t<meta name=\"twitter:data2\" content=\"3 minutes\" \/>\n<script type=\"application\/ld+json\" class=\"yoast-schema-graph\">{\"@context\":\"https:\/\/schema.org\",\"@graph\":[{\"@type\":\"WebSite\",\"@id\":\"https:\/\/momaa.es\/#website\",\"url\":\"https:\/\/momaa.es\/\",\"name\":\"Moreno Mateo Architects\",\"description\":\"Arquitectura | Urbanismo | Dise\\u00f1o\",\"potentialAction\":[{\"@type\":\"SearchAction\",\"target\":{\"@type\":\"EntryPoint\",\"urlTemplate\":\"https:\/\/momaa.es\/?s={search_term_string}\"},\"query-input\":\"required name=search_term_string\"}],\"inLanguage\":\"en-US\"},{\"@type\":\"ImageObject\",\"@id\":\"https:\/\/momaa.es\/eliminacion-de-barreras-arquitectonicas-san-pedro-alcantara-marbella-2\/#primaryimage\",\"inLanguage\":\"en-US\",\"url\":\"https:\/\/momaa.es\/wp-content\/uploads\/2022\/03\/fuente-bautismal-montaje-san-pedro-alcantara.jpg\",\"contentUrl\":\"https:\/\/momaa.es\/wp-content\/uploads\/2022\/03\/fuente-bautismal-montaje-san-pedro-alcantara.jpg\",\"width\":1200,\"height\":682},{\"@type\":\"WebPage\",\"@id\":\"https:\/\/momaa.es\/eliminacion-de-barreras-arquitectonicas-san-pedro-alcantara-marbella-2\/#webpage\",\"url\":\"https:\/\/momaa.es\/eliminacion-de-barreras-arquitectonicas-san-pedro-alcantara-marbella-2\/\",\"name\":\"Fuente Bautismal, San Pedro Alc\\u00e1ntara, Marbella. - Moreno Mateo Architects\",\"isPartOf\":{\"@id\":\"https:\/\/momaa.es\/#website\"},\"primaryImageOfPage\":{\"@id\":\"https:\/\/momaa.es\/eliminacion-de-barreras-arquitectonicas-san-pedro-alcantara-marbella-2\/#primaryimage\"},\"datePublished\":\"2022-03-13T20:50:56+00:00\",\"dateModified\":\"2025-06-30T09:08:00+00:00\",\"author\":{\"@id\":\"https:\/\/momaa.es\/#\/schema\/person\/00e50967ccafd030af0999215190b1e5\"},\"breadcrumb\":{\"@id\":\"https:\/\/momaa.es\/eliminacion-de-barreras-arquitectonicas-san-pedro-alcantara-marbella-2\/#breadcrumb\"},\"inLanguage\":\"en-US\",\"potentialAction\":[{\"@type\":\"ReadAction\",\"target\":[\"https:\/\/momaa.es\/eliminacion-de-barreras-arquitectonicas-san-pedro-alcantara-marbella-2\/\"]}]},{\"@type\":\"BreadcrumbList\",\"@id\":\"https:\/\/momaa.es\/eliminacion-de-barreras-arquitectonicas-san-pedro-alcantara-marbella-2\/#breadcrumb\",\"itemListElement\":[{\"@type\":\"ListItem\",\"position\":1,\"name\":\"Portada\",\"item\":\"https:\/\/momaa.es\/en\/\"},{\"@type\":\"ListItem\",\"position\":2,\"name\":\"Fuente Bautismal, San Pedro Alc\\u00e1ntara, Marbella.\"}]},{\"@type\":\"Person\",\"@id\":\"https:\/\/momaa.es\/#\/schema\/person\/00e50967ccafd030af0999215190b1e5\",\"name\":\"Andres Moreno Mateo\",\"image\":{\"@type\":\"ImageObject\",\"@id\":\"https:\/\/momaa.es\/#personlogo\",\"inLanguage\":\"en-US\",\"url\":\"https:\/\/secure.gravatar.com\/avatar\/643afc17cc2b6534a01582402acb380d?s=96&d=mm&r=g\",\"contentUrl\":\"https:\/\/secure.gravatar.com\/avatar\/643afc17cc2b6534a01582402acb380d?s=96&d=mm&r=g\",\"caption\":\"Andres Moreno Mateo\"}}]}<\/script>\n<!-- \/ Yoast SEO plugin. -->","yoast_head_json":{"title":"Fuente Bautismal, San Pedro Alc\u00e1ntara, Marbella. - Moreno Mateo Architects","robots":{"index":"index","follow":"follow","max-snippet":"max-snippet:-1","max-image-preview":"max-image-preview:large","max-video-preview":"max-video-preview:-1"},"canonical":"https:\/\/momaa.es\/en\/eliminacion-de-barreras-arquitectonicas-san-pedro-alcantara-marbella-2\/","og_locale":"en_US","og_type":"article","og_title":"Fuente Bautismal, San Pedro Alc\u00e1ntara, Marbella. - Moreno Mateo Architects","og_description":"FUENTE BAUTISMAL, SAN PEDRO ALC\u00c1NTARA, MARBELLA Andr\u00e9s M. Mateo Fern\u00e1ndez. ArquitectoMoMaa Marbella I Arquitectura I Urbanismo I Dise\u00f1oA\u00f1o 2022 El pueblo de San Pedro Alc\u00e1ntara tiene la fortuna de contar con un importante patrimonio hist\u00f3rico incluyendo edificaciones romanas como son las termas de las b\u00f3vedas y la bas\u00edlica paleocristiana Vega del Mar. Buscando un dise\u00f1o ... Read more","og_url":"https:\/\/momaa.es\/eliminacion-de-barreras-arquitectonicas-san-pedro-alcantara-marbella-2\/","og_site_name":"Moreno Mateo Architects","article_published_time":"2022-03-13T20:50:56+00:00","article_modified_time":"2025-06-30T09:08:00+00:00","og_image":[{"width":1200,"height":682,"url":"https:\/\/momaa.es\/wp-content\/uploads\/2022\/03\/fuente-bautismal-montaje-san-pedro-alcantara.jpg","type":"image\/jpeg"}],"twitter_card":"summary_large_image","twitter_misc":{"Written by":"Andres Moreno Mateo","Est. reading time":"3 minutes"},"schema":{"@context":"https:\/\/schema.org","@graph":[{"@type":"WebSite","@id":"https:\/\/momaa.es\/#website","url":"https:\/\/momaa.es\/","name":"Moreno Mateo Architects","description":"Arquitectura | Urbanismo | Dise\u00f1o","potentialAction":[{"@type":"SearchAction","target":{"@type":"EntryPoint","urlTemplate":"https:\/\/momaa.es\/?s={search_term_string}"},"query-input":"required name=search_term_string"}],"inLanguage":"en-US"},{"@type":"ImageObject","@id":"https:\/\/momaa.es\/eliminacion-de-barreras-arquitectonicas-san-pedro-alcantara-marbella-2\/#primaryimage","inLanguage":"en-US","url":"https:\/\/momaa.es\/wp-content\/uploads\/2022\/03\/fuente-bautismal-montaje-san-pedro-alcantara.jpg","contentUrl":"https:\/\/momaa.es\/wp-content\/uploads\/2022\/03\/fuente-bautismal-montaje-san-pedro-alcantara.jpg","width":1200,"height":682},{"@type":"WebPage","@id":"https:\/\/momaa.es\/eliminacion-de-barreras-arquitectonicas-san-pedro-alcantara-marbella-2\/#webpage","url":"https:\/\/momaa.es\/eliminacion-de-barreras-arquitectonicas-san-pedro-alcantara-marbella-2\/","name":"Fuente Bautismal, San Pedro Alc\u00e1ntara, Marbella. - Moreno Mateo Architects","isPartOf":{"@id":"https:\/\/momaa.es\/#website"},"primaryImageOfPage":{"@id":"https:\/\/momaa.es\/eliminacion-de-barreras-arquitectonicas-san-pedro-alcantara-marbella-2\/#primaryimage"},"datePublished":"2022-03-13T20:50:56+00:00","dateModified":"2025-06-30T09:08:00+00:00","author":{"@id":"https:\/\/momaa.es\/#\/schema\/person\/00e50967ccafd030af0999215190b1e5"},"breadcrumb":{"@id":"https:\/\/momaa.es\/eliminacion-de-barreras-arquitectonicas-san-pedro-alcantara-marbella-2\/#breadcrumb"},"inLanguage":"en-US","potentialAction":[{"@type":"ReadAction","target":["https:\/\/momaa.es\/eliminacion-de-barreras-arquitectonicas-san-pedro-alcantara-marbella-2\/"]}]},{"@type":"BreadcrumbList","@id":"https:\/\/momaa.es\/eliminacion-de-barreras-arquitectonicas-san-pedro-alcantara-marbella-2\/#breadcrumb","itemListElement":[{"@type":"ListItem","position":1,"name":"Portada","item":"https:\/\/momaa.es\/en\/"},{"@type":"ListItem","position":2,"name":"Fuente Bautismal, San Pedro Alc\u00e1ntara, Marbella."}]},{"@type":"Person","@id":"https:\/\/momaa.es\/#\/schema\/person\/00e50967ccafd030af0999215190b1e5","name":"Andres Moreno Mateo","image":{"@type":"ImageObject","@id":"https:\/\/momaa.es\/#personlogo","inLanguage":"en-US","url":"https:\/\/secure.gravatar.com\/avatar\/643afc17cc2b6534a01582402acb380d?s=96&d=mm&r=g","contentUrl":"https:\/\/secure.gravatar.com\/avatar\/643afc17cc2b6534a01582402acb380d?s=96&d=mm&r=g","caption":"Andres Moreno Mateo"}}]}},"_links":{"self":[{"href":"https:\/\/momaa.es\/en\/wp-json\/wp\/v2\/posts\/3686"}],"collection":[{"href":"https:\/\/momaa.es\/en\/wp-json\/wp\/v2\/posts"}],"about":[{"href":"https:\/\/momaa.es\/en\/wp-json\/wp\/v2\/types\/post"}],"author":[{"embeddable":true,"href":"https:\/\/momaa.es\/en\/wp-json\/wp\/v2\/users\/2"}],"replies":[{"embeddable":true,"href":"https:\/\/momaa.es\/en\/wp-json\/wp\/v2\/comments?post=3686"}],"version-history":[{"count":17,"href":"https:\/\/momaa.es\/en\/wp-json\/wp\/v2\/posts\/3686\/revisions"}],"predecessor-version":[{"id":4285,"href":"https:\/\/momaa.es\/en\/wp-json\/wp\/v2\/posts\/3686\/revisions\/4285"}],"wp:featuredmedia":[{"embeddable":true,"href":"https:\/\/momaa.es\/en\/wp-json\/wp\/v2\/media\/3687"}],"wp:attachment":[{"href":"https:\/\/momaa.es\/en\/wp-json\/wp\/v2\/media?parent=3686"}],"wp:term":[{"taxonomy":"category","embeddable":true,"href":"https:\/\/momaa.es\/en\/wp-json\/wp\/v2\/categories?post=3686"},{"taxonomy":"post_tag","embeddable":true,"href":"https:\/\/momaa.es\/en\/wp-json\/wp\/v2\/tags?post=3686"}],"curies":[{"name":"wp","href":"https:\/\/api.w.org\/{rel}","templated":true}]}}