{"id":2714,"date":"2020-03-08T20:38:19","date_gmt":"2020-03-08T20:38:19","guid":{"rendered":"https:\/\/momaa.es\/?p=2714"},"modified":"2025-06-27T07:46:00","modified_gmt":"2025-06-27T07:46:00","slug":"aula-abierta-para-colegio-eic","status":"publish","type":"post","link":"https:\/\/momaa.es\/en\/aula-abierta-para-colegio-eic\/","title":{"rendered":"Aula Abierta Para Colegio EIC"},"content":{"rendered":"\t\t<div data-elementor-type=\"wp-post\" data-elementor-id=\"2714\" class=\"elementor elementor-2714\" data-elementor-settings=\"[]\">\n\t\t\t\t\t\t<div class=\"elementor-inner\">\n\t\t\t\t\t\t\t<div class=\"elementor-section-wrap\">\n\t\t\t\t\t\t\t<section class=\"elementor-section elementor-top-section elementor-element elementor-element-51e6857 elementor-section-boxed elementor-section-height-default elementor-section-height-default\" data-id=\"51e6857\" data-element_type=\"section\">\n\t\t\t\t\t\t<div class=\"elementor-container elementor-column-gap-default\">\n\t\t\t\t\t\t\t<div class=\"elementor-row\">\n\t\t\t\t\t<div class=\"elementor-column elementor-col-100 elementor-top-column elementor-element elementor-element-3d3413e5\" data-id=\"3d3413e5\" data-element_type=\"column\">\n\t\t\t<div class=\"elementor-column-wrap elementor-element-populated\">\n\t\t\t\t\t\t\t<div class=\"elementor-widget-wrap\">\n\t\t\t\t\t\t<div class=\"elementor-element elementor-element-221a02fb elementor-pagination-position-outside elementor-widget elementor-widget-image-carousel\" data-id=\"221a02fb\" data-element_type=\"widget\" data-settings=\"{&quot;slides_to_show&quot;:&quot;1&quot;,&quot;navigation&quot;:&quot;dots&quot;,&quot;autoplay&quot;:&quot;yes&quot;,&quot;pause_on_hover&quot;:&quot;yes&quot;,&quot;pause_on_interaction&quot;:&quot;yes&quot;,&quot;autoplay_speed&quot;:5000,&quot;infinite&quot;:&quot;yes&quot;,&quot;effect&quot;:&quot;slide&quot;,&quot;speed&quot;:500}\" data-widget_type=\"image-carousel.default\">\n\t\t\t\t<div class=\"elementor-widget-container\">\n\t\t\t\t\t<div class=\"elementor-image-carousel-wrapper swiper-container\" dir=\"ltr\">\n\t\t\t<div class=\"elementor-image-carousel swiper-wrapper swiper-image-stretch\">\n\t\t\t\t\t\t\t\t<div class=\"swiper-slide\"><figure class=\"swiper-slide-inner\"><img class=\"swiper-slide-image\" src=\"https:\/\/momaa.es\/wp-content\/uploads\/2020\/03\/Planta-Web-2.jpg\" alt=\"EIC- Planta Web\" \/><\/figure><\/div><div class=\"swiper-slide\"><figure class=\"swiper-slide-inner\"><img class=\"swiper-slide-image\" src=\"https:\/\/momaa.es\/wp-content\/uploads\/2020\/03\/Imagen-Aula-Abierta-1-1.jpg\" alt=\"EIC - Imagen Aula Abierta\" \/><\/figure><\/div><div class=\"swiper-slide\"><figure class=\"swiper-slide-inner\"><img class=\"swiper-slide-image\" src=\"https:\/\/momaa.es\/wp-content\/uploads\/2020\/03\/Imagen-Aula-Abierta-2.jpg\" alt=\"EIC - Imagen Aula Abierta\" \/><\/figure><\/div>\t\t\t<\/div>\n\t\t\t\t\t\t\t\t\t\t\t\t<div class=\"swiper-pagination\"><\/div>\n\t\t\t\t\t\t\t\t\t\t\t\t\t<\/div>\n\t\t\t\t<\/div>\n\t\t\t\t<\/div>\n\t\t\t\t<div class=\"elementor-element elementor-element-2891da12 elementor-widget elementor-widget-text-editor\" data-id=\"2891da12\" data-element_type=\"widget\" data-widget_type=\"text-editor.default\">\n\t\t\t\t<div class=\"elementor-widget-container\">\n\t\t\t\t\t\t\t\t<div class=\"elementor-text-editor elementor-clearfix\">\n\t\t\t\t<h1><span style=\"color: #000000;\"><strong><span style=\"font-family: Roboto, sans-serif; font-size: 14px;\">EIC PROYECTO DE AULA ABIERTA<\/span><\/strong><\/span><\/h1><h3><span style=\"color: #7a7a7a; font-family: Roboto, sans-serif; font-size: 14px;\">Andr\u00e9s M. Mateo Fern\u00e1ndez. <\/span><em style=\"color: #7a7a7a; font-family: Roboto, sans-serif; font-size: 14px;\">Arquitecto<\/em><\/h3><p>MoMaa. <i>Colaborador<\/i><br \/>A\u00f1o 2020<\/p><p>Agradecemos al EIC por confiar en nosotros para el proyecto experimental de aula abierta. Pensado para humanizar las aulas e incentivar la creatividad de los ni\u00f1os.<\/p><p><span class=\"TextRun SCXW72150788 BCX0\" lang=\"ES-ES\" xml:lang=\"ES-ES\" data-contrast=\"auto\"><span class=\"NormalTextRun SCXW72150788 BCX0\">&#8211; &#8211; &#8211; &#8211; &#8211; &#8211; &#8211; &#8211; &#8211; &#8211; &#8211; &#8211; &#8211; &#8211; &#8211;\u00a0&#8211; &#8211; &#8211; &#8211; &#8211; &#8211; &#8211; &#8211; &#8211; &#8211; &#8211; &#8211; &#8211; &#8211; &#8211;\u00a0&#8211; &#8211; &#8211; &#8211; &#8211; &#8211; &#8211; &#8211; &#8211; &#8211; &#8211; &#8211; &#8211; &#8211; &#8211;\u00a0&#8211; &#8211; &#8211; &#8211; &#8211; &#8211; &#8211; &#8211; &#8211; &#8211; &#8211; &#8211; &#8211; &#8211;<\/span><\/span><span class=\"EOP SCXW72150788 BCX0\" data-ccp-props=\"{&quot;134233117&quot;:false,&quot;134233118&quot;:false,&quot;201341983&quot;:0,&quot;335551550&quot;:1,&quot;335551620&quot;:1,&quot;335559685&quot;:0,&quot;335559737&quot;:0,&quot;335559738&quot;:0,&quot;335559739&quot;:160,&quot;335559740&quot;:279}\">\u00a0<\/span><\/p><p>We thank EIC for trusting us with the experimental open classroom project, designed to humanize learning spaces and foster children&#8217;s creativity.<\/p>\t\t\t\t\t<\/div>\n\t\t\t\t\t\t<\/div>\n\t\t\t\t<\/div>\n\t\t\t\t<div class=\"elementor-element elementor-element-7cad7238 elementor-button-info elementor-align-left elementor-widget elementor-widget-button\" data-id=\"7cad7238\" data-element_type=\"widget\" data-widget_type=\"button.default\">\n\t\t\t\t<div class=\"elementor-widget-container\">\n\t\t\t\t\t<div class=\"elementor-button-wrapper\">\n\t\t\t<a href=\"https:\/\/momaa.es\/proyectos\/\" class=\"elementor-button-link elementor-button elementor-size-xs\" role=\"button\">\n\t\t\t\t\t\t<span class=\"elementor-button-content-wrapper\">\n\t\t\t\t\t\t<span class=\"elementor-button-text\">BACK<<<<\/span>\n\t\t<\/span>\n\t\t\t\t\t<\/a>\n\t\t<\/div>\n\t\t\t\t<\/div>\n\t\t\t\t<\/div>\n\t\t\t\t\t\t<\/div>\n\t\t\t\t\t<\/div>\n\t\t<\/div>\n\t\t\t\t\t\t\t\t<\/div>\n\t\t\t\t\t<\/div>\n\t\t<\/section>\n\t\t\t\t<section class=\"elementor-section elementor-top-section elementor-element elementor-element-5b647b3 elementor-section-boxed elementor-section-height-default elementor-section-height-default\" data-id=\"5b647b3\" data-element_type=\"section\">\n\t\t\t\t\t\t<div class=\"elementor-container elementor-column-gap-default\">\n\t\t\t\t\t\t\t<div class=\"elementor-row\">\n\t\t\t\t\t<div class=\"elementor-column elementor-col-100 elementor-top-column elementor-element elementor-element-23c4796\" data-id=\"23c4796\" data-element_type=\"column\">\n\t\t\t<div class=\"elementor-column-wrap\">\n\t\t\t\t\t\t\t<div class=\"elementor-widget-wrap\">\n\t\t\t\t\t\t\t\t<\/div>\n\t\t\t\t\t<\/div>\n\t\t<\/div>\n\t\t\t\t\t\t\t\t<\/div>\n\t\t\t\t\t<\/div>\n\t\t<\/section>\n\t\t\t\t\t\t<\/div>\n\t\t\t\t\t\t<\/div>\n\t\t\t\t\t<\/div>\n\t\t ","protected":false},"excerpt":{"rendered":"<p>EIC PROYECTO DE AULA ABIERTA Andr\u00e9s M. Mateo Fern\u00e1ndez. Arquitecto MoMaa. ColaboradorA\u00f1o 2020 Agradecemos al EIC por confiar en nosotros para el proyecto experimental de aula abierta. Pensado para humanizar las aulas e incentivar la creatividad de los ni\u00f1os. &#8211; &#8211; &#8211; &#8211; &#8211; &#8211; &#8211; &#8211; &#8211; &#8211; &#8211; &#8211; &#8211; &#8211; &#8211;\u00a0&#8211; &#8211; &#8230; <a title=\"Aula Abierta Para Colegio EIC\" class=\"read-more\" href=\"https:\/\/momaa.es\/en\/aula-abierta-para-colegio-eic\/\" aria-label=\"More on Aula Abierta Para Colegio EIC\">Read more<\/a><\/p>\n","protected":false},"author":2,"featured_media":2718,"comment_status":"closed","ping_status":"open","sticky":false,"template":"","format":"standard","meta":[],"categories":[45,37,38,42],"tags":[],"yoast_head":"<!-- This site is optimized with the Yoast SEO plugin v17.4 - https:\/\/yoast.com\/wordpress\/plugins\/seo\/ -->\n<title>Aula Abierta Para Colegio EIC - Moreno Mateo Architects<\/title>\n<meta name=\"robots\" content=\"index, follow, max-snippet:-1, max-image-preview:large, max-video-preview:-1\" \/>\n<link rel=\"canonical\" href=\"https:\/\/momaa.es\/en\/aula-abierta-para-colegio-eic\/\" \/>\n<meta property=\"og:locale\" content=\"en_US\" \/>\n<meta property=\"og:type\" content=\"article\" \/>\n<meta property=\"og:title\" content=\"Aula Abierta Para Colegio EIC - Moreno Mateo Architects\" \/>\n<meta property=\"og:description\" content=\"EIC PROYECTO DE AULA ABIERTA Andr\u00e9s M. Mateo Fern\u00e1ndez. Arquitecto MoMaa. ColaboradorA\u00f1o 2020 Agradecemos al EIC por confiar en nosotros para el proyecto experimental de aula abierta. Pensado para humanizar las aulas e incentivar la creatividad de los ni\u00f1os. &#8211; &#8211; &#8211; &#8211; &#8211; &#8211; &#8211; &#8211; &#8211; &#8211; &#8211; &#8211; &#8211; &#8211; &#8211;\u00a0&#8211; &#8211; ... Read more\" \/>\n<meta property=\"og:url\" content=\"https:\/\/momaa.es\/aula-abierta-para-colegio-eic\/\" \/>\n<meta property=\"og:site_name\" content=\"Moreno Mateo Architects\" \/>\n<meta property=\"article:published_time\" content=\"2020-03-08T20:38:19+00:00\" \/>\n<meta property=\"article:modified_time\" content=\"2025-06-27T07:46:00+00:00\" \/>\n<meta property=\"og:image\" content=\"https:\/\/momaa.es\/wp-content\/uploads\/2020\/03\/Planta-Web-2.jpg\" \/>\n\t<meta property=\"og:image:width\" content=\"800\" \/>\n\t<meta property=\"og:image:height\" content=\"566\" \/>\n<meta name=\"twitter:card\" content=\"summary_large_image\" \/>\n<meta name=\"twitter:label1\" content=\"Written by\" \/>\n\t<meta name=\"twitter:data1\" content=\"Andres Moreno Mateo\" \/>\n\t<meta name=\"twitter:label2\" content=\"Est. reading time\" \/>\n\t<meta name=\"twitter:data2\" content=\"2 minutes\" \/>\n<script type=\"application\/ld+json\" class=\"yoast-schema-graph\">{\"@context\":\"https:\/\/schema.org\",\"@graph\":[{\"@type\":\"WebSite\",\"@id\":\"https:\/\/momaa.es\/#website\",\"url\":\"https:\/\/momaa.es\/\",\"name\":\"Moreno Mateo Architects\",\"description\":\"Arquitectura | Urbanismo | Dise\\u00f1o\",\"potentialAction\":[{\"@type\":\"SearchAction\",\"target\":{\"@type\":\"EntryPoint\",\"urlTemplate\":\"https:\/\/momaa.es\/?s={search_term_string}\"},\"query-input\":\"required name=search_term_string\"}],\"inLanguage\":\"en-US\"},{\"@type\":\"ImageObject\",\"@id\":\"https:\/\/momaa.es\/aula-abierta-para-colegio-eic\/#primaryimage\",\"inLanguage\":\"en-US\",\"url\":\"https:\/\/momaa.es\/wp-content\/uploads\/2020\/03\/Planta-Web-2.jpg\",\"contentUrl\":\"https:\/\/momaa.es\/wp-content\/uploads\/2020\/03\/Planta-Web-2.jpg\",\"width\":800,\"height\":566,\"caption\":\"EIC- Planta Web\"},{\"@type\":\"WebPage\",\"@id\":\"https:\/\/momaa.es\/aula-abierta-para-colegio-eic\/#webpage\",\"url\":\"https:\/\/momaa.es\/aula-abierta-para-colegio-eic\/\",\"name\":\"Aula Abierta Para Colegio EIC - Moreno Mateo Architects\",\"isPartOf\":{\"@id\":\"https:\/\/momaa.es\/#website\"},\"primaryImageOfPage\":{\"@id\":\"https:\/\/momaa.es\/aula-abierta-para-colegio-eic\/#primaryimage\"},\"datePublished\":\"2020-03-08T20:38:19+00:00\",\"dateModified\":\"2025-06-27T07:46:00+00:00\",\"author\":{\"@id\":\"https:\/\/momaa.es\/#\/schema\/person\/00e50967ccafd030af0999215190b1e5\"},\"breadcrumb\":{\"@id\":\"https:\/\/momaa.es\/aula-abierta-para-colegio-eic\/#breadcrumb\"},\"inLanguage\":\"en-US\",\"potentialAction\":[{\"@type\":\"ReadAction\",\"target\":[\"https:\/\/momaa.es\/aula-abierta-para-colegio-eic\/\"]}]},{\"@type\":\"BreadcrumbList\",\"@id\":\"https:\/\/momaa.es\/aula-abierta-para-colegio-eic\/#breadcrumb\",\"itemListElement\":[{\"@type\":\"ListItem\",\"position\":1,\"name\":\"Portada\",\"item\":\"https:\/\/momaa.es\/en\/\"},{\"@type\":\"ListItem\",\"position\":2,\"name\":\"Aula Abierta Para Colegio EIC\"}]},{\"@type\":\"Person\",\"@id\":\"https:\/\/momaa.es\/#\/schema\/person\/00e50967ccafd030af0999215190b1e5\",\"name\":\"Andres Moreno Mateo\",\"image\":{\"@type\":\"ImageObject\",\"@id\":\"https:\/\/momaa.es\/#personlogo\",\"inLanguage\":\"en-US\",\"url\":\"https:\/\/secure.gravatar.com\/avatar\/643afc17cc2b6534a01582402acb380d?s=96&d=mm&r=g\",\"contentUrl\":\"https:\/\/secure.gravatar.com\/avatar\/643afc17cc2b6534a01582402acb380d?s=96&d=mm&r=g\",\"caption\":\"Andres Moreno Mateo\"}}]}<\/script>\n<!-- \/ Yoast SEO plugin. -->","yoast_head_json":{"title":"Aula Abierta Para Colegio EIC - Moreno Mateo Architects","robots":{"index":"index","follow":"follow","max-snippet":"max-snippet:-1","max-image-preview":"max-image-preview:large","max-video-preview":"max-video-preview:-1"},"canonical":"https:\/\/momaa.es\/en\/aula-abierta-para-colegio-eic\/","og_locale":"en_US","og_type":"article","og_title":"Aula Abierta Para Colegio EIC - Moreno Mateo Architects","og_description":"EIC PROYECTO DE AULA ABIERTA Andr\u00e9s M. Mateo Fern\u00e1ndez. Arquitecto MoMaa. ColaboradorA\u00f1o 2020 Agradecemos al EIC por confiar en nosotros para el proyecto experimental de aula abierta. Pensado para humanizar las aulas e incentivar la creatividad de los ni\u00f1os. &#8211; &#8211; &#8211; &#8211; &#8211; &#8211; &#8211; &#8211; &#8211; &#8211; &#8211; &#8211; &#8211; &#8211; &#8211;\u00a0&#8211; &#8211; ... Read more","og_url":"https:\/\/momaa.es\/aula-abierta-para-colegio-eic\/","og_site_name":"Moreno Mateo Architects","article_published_time":"2020-03-08T20:38:19+00:00","article_modified_time":"2025-06-27T07:46:00+00:00","og_image":[{"width":800,"height":566,"url":"https:\/\/momaa.es\/wp-content\/uploads\/2020\/03\/Planta-Web-2.jpg","type":"image\/jpeg"}],"twitter_card":"summary_large_image","twitter_misc":{"Written by":"Andres Moreno Mateo","Est. reading time":"2 minutes"},"schema":{"@context":"https:\/\/schema.org","@graph":[{"@type":"WebSite","@id":"https:\/\/momaa.es\/#website","url":"https:\/\/momaa.es\/","name":"Moreno Mateo Architects","description":"Arquitectura | Urbanismo | Dise\u00f1o","potentialAction":[{"@type":"SearchAction","target":{"@type":"EntryPoint","urlTemplate":"https:\/\/momaa.es\/?s={search_term_string}"},"query-input":"required name=search_term_string"}],"inLanguage":"en-US"},{"@type":"ImageObject","@id":"https:\/\/momaa.es\/aula-abierta-para-colegio-eic\/#primaryimage","inLanguage":"en-US","url":"https:\/\/momaa.es\/wp-content\/uploads\/2020\/03\/Planta-Web-2.jpg","contentUrl":"https:\/\/momaa.es\/wp-content\/uploads\/2020\/03\/Planta-Web-2.jpg","width":800,"height":566,"caption":"EIC- Planta Web"},{"@type":"WebPage","@id":"https:\/\/momaa.es\/aula-abierta-para-colegio-eic\/#webpage","url":"https:\/\/momaa.es\/aula-abierta-para-colegio-eic\/","name":"Aula Abierta Para Colegio EIC - Moreno Mateo Architects","isPartOf":{"@id":"https:\/\/momaa.es\/#website"},"primaryImageOfPage":{"@id":"https:\/\/momaa.es\/aula-abierta-para-colegio-eic\/#primaryimage"},"datePublished":"2020-03-08T20:38:19+00:00","dateModified":"2025-06-27T07:46:00+00:00","author":{"@id":"https:\/\/momaa.es\/#\/schema\/person\/00e50967ccafd030af0999215190b1e5"},"breadcrumb":{"@id":"https:\/\/momaa.es\/aula-abierta-para-colegio-eic\/#breadcrumb"},"inLanguage":"en-US","potentialAction":[{"@type":"ReadAction","target":["https:\/\/momaa.es\/aula-abierta-para-colegio-eic\/"]}]},{"@type":"BreadcrumbList","@id":"https:\/\/momaa.es\/aula-abierta-para-colegio-eic\/#breadcrumb","itemListElement":[{"@type":"ListItem","position":1,"name":"Portada","item":"https:\/\/momaa.es\/en\/"},{"@type":"ListItem","position":2,"name":"Aula Abierta Para Colegio EIC"}]},{"@type":"Person","@id":"https:\/\/momaa.es\/#\/schema\/person\/00e50967ccafd030af0999215190b1e5","name":"Andres Moreno Mateo","image":{"@type":"ImageObject","@id":"https:\/\/momaa.es\/#personlogo","inLanguage":"en-US","url":"https:\/\/secure.gravatar.com\/avatar\/643afc17cc2b6534a01582402acb380d?s=96&d=mm&r=g","contentUrl":"https:\/\/secure.gravatar.com\/avatar\/643afc17cc2b6534a01582402acb380d?s=96&d=mm&r=g","caption":"Andres Moreno Mateo"}}]}},"_links":{"self":[{"href":"https:\/\/momaa.es\/en\/wp-json\/wp\/v2\/posts\/2714"}],"collection":[{"href":"https:\/\/momaa.es\/en\/wp-json\/wp\/v2\/posts"}],"about":[{"href":"https:\/\/momaa.es\/en\/wp-json\/wp\/v2\/types\/post"}],"author":[{"embeddable":true,"href":"https:\/\/momaa.es\/en\/wp-json\/wp\/v2\/users\/2"}],"replies":[{"embeddable":true,"href":"https:\/\/momaa.es\/en\/wp-json\/wp\/v2\/comments?post=2714"}],"version-history":[{"count":10,"href":"https:\/\/momaa.es\/en\/wp-json\/wp\/v2\/posts\/2714\/revisions"}],"predecessor-version":[{"id":4183,"href":"https:\/\/momaa.es\/en\/wp-json\/wp\/v2\/posts\/2714\/revisions\/4183"}],"wp:featuredmedia":[{"embeddable":true,"href":"https:\/\/momaa.es\/en\/wp-json\/wp\/v2\/media\/2718"}],"wp:attachment":[{"href":"https:\/\/momaa.es\/en\/wp-json\/wp\/v2\/media?parent=2714"}],"wp:term":[{"taxonomy":"category","embeddable":true,"href":"https:\/\/momaa.es\/en\/wp-json\/wp\/v2\/categories?post=2714"},{"taxonomy":"post_tag","embeddable":true,"href":"https:\/\/momaa.es\/en\/wp-json\/wp\/v2\/tags?post=2714"}],"curies":[{"name":"wp","href":"https:\/\/api.w.org\/{rel}","templated":true}]}}