{"id":1255,"date":"2018-01-31T15:42:46","date_gmt":"2018-01-31T15:42:46","guid":{"rendered":"https:\/\/momaa.es\/?p=1255"},"modified":"2021-10-12T08:16:59","modified_gmt":"2021-10-12T08:16:59","slug":"pabellon-de-la-musica","status":"publish","type":"post","link":"https:\/\/momaa.es\/en\/pabellon-de-la-musica\/","title":{"rendered":"Pabell\u00f3n de la M\u00fasica, La Virginia, Marbella"},"content":{"rendered":"\t\t<div data-elementor-type=\"wp-post\" data-elementor-id=\"1255\" class=\"elementor elementor-1255\" data-elementor-settings=\"[]\">\n\t\t\t\t\t\t<div class=\"elementor-inner\">\n\t\t\t\t\t\t\t<div class=\"elementor-section-wrap\">\n\t\t\t\t\t\t\t<section class=\"elementor-section elementor-top-section elementor-element elementor-element-73196ed3 elementor-section-boxed elementor-section-height-default elementor-section-height-default\" data-id=\"73196ed3\" data-element_type=\"section\">\n\t\t\t\t\t\t<div class=\"elementor-container elementor-column-gap-default\">\n\t\t\t\t\t\t\t<div class=\"elementor-row\">\n\t\t\t\t\t<div class=\"elementor-column elementor-col-100 elementor-top-column elementor-element elementor-element-67d25db2\" data-id=\"67d25db2\" data-element_type=\"column\">\n\t\t\t<div class=\"elementor-column-wrap elementor-element-populated\">\n\t\t\t\t\t\t\t<div class=\"elementor-widget-wrap\">\n\t\t\t\t\t\t<div class=\"elementor-element elementor-element-2489c2c7 elementor-pagination-position-outside elementor-widget elementor-widget-image-carousel\" data-id=\"2489c2c7\" data-element_type=\"widget\" data-settings=\"{&quot;slides_to_show&quot;:&quot;1&quot;,&quot;navigation&quot;:&quot;dots&quot;,&quot;autoplay&quot;:&quot;yes&quot;,&quot;pause_on_hover&quot;:&quot;yes&quot;,&quot;pause_on_interaction&quot;:&quot;yes&quot;,&quot;autoplay_speed&quot;:5000,&quot;infinite&quot;:&quot;yes&quot;,&quot;effect&quot;:&quot;slide&quot;,&quot;speed&quot;:500}\" data-widget_type=\"image-carousel.default\">\n\t\t\t\t<div class=\"elementor-widget-container\">\n\t\t\t\t\t<div class=\"elementor-image-carousel-wrapper swiper-container\" dir=\"ltr\">\n\t\t\t<div class=\"elementor-image-carousel swiper-wrapper swiper-image-stretch\">\n\t\t\t\t\t\t\t\t<div class=\"swiper-slide\"><figure class=\"swiper-slide-inner\"><img class=\"swiper-slide-image\" src=\"https:\/\/momaa.es\/wp-content\/uploads\/2018\/01\/02-Conceptual.jpg\" alt=\"Pabell\u00f3n de m\u00fasica - Conceptual\" \/><\/figure><\/div><div class=\"swiper-slide\"><figure class=\"swiper-slide-inner\"><img class=\"swiper-slide-image\" src=\"https:\/\/momaa.es\/wp-content\/uploads\/2018\/01\/01-infografia-alzado-2.jpg\" alt=\"Pabell\u00f3n de m\u00fasica - infografia alzado\" \/><\/figure><\/div><div class=\"swiper-slide\"><figure class=\"swiper-slide-inner\"><img class=\"swiper-slide-image\" src=\"https:\/\/momaa.es\/wp-content\/uploads\/2018\/01\/01-infografia-alzado-1.jpg\" alt=\"Pabell\u00f3n de m\u00fasica - infografia alzado\" \/><\/figure><\/div><div class=\"swiper-slide\"><figure class=\"swiper-slide-inner\"><img class=\"swiper-slide-image\" src=\"https:\/\/momaa.es\/wp-content\/uploads\/2018\/01\/01-infografia-vista-interior.jpg\" alt=\"Pabell\u00f3n de m\u00fasica - infografia vista interior\" \/><\/figure><\/div><div class=\"swiper-slide\"><figure class=\"swiper-slide-inner\"><img class=\"swiper-slide-image\" src=\"https:\/\/momaa.es\/wp-content\/uploads\/2018\/01\/05-emplazamiento-final.jpg\" alt=\"Pabell\u00f3n de m\u00fasica - emplazamiento final\" \/><\/figure><\/div><div class=\"swiper-slide\"><figure class=\"swiper-slide-inner\"><img class=\"swiper-slide-image\" src=\"https:\/\/momaa.es\/wp-content\/uploads\/2018\/01\/06-Planta-pabellon.jpg\" alt=\"Pabell\u00f3n de m\u00fasica - Planta pabellon\" \/><\/figure><\/div><div class=\"swiper-slide\"><figure class=\"swiper-slide-inner\"><img class=\"swiper-slide-image\" src=\"https:\/\/momaa.es\/wp-content\/uploads\/2018\/01\/07-Alzados.jpg\" alt=\"Pabell\u00f3n de m\u00fasica - Alzados\" \/><\/figure><\/div>\t\t\t<\/div>\n\t\t\t\t\t\t\t\t\t\t\t\t<div class=\"swiper-pagination\"><\/div>\n\t\t\t\t\t\t\t\t\t\t\t\t\t<\/div>\n\t\t\t\t<\/div>\n\t\t\t\t<\/div>\n\t\t\t\t<div class=\"elementor-element elementor-element-353fd078 elementor-widget elementor-widget-text-editor\" data-id=\"353fd078\" data-element_type=\"widget\" data-widget_type=\"text-editor.default\">\n\t\t\t\t<div class=\"elementor-widget-container\">\n\t\t\t\t\t\t\t\t<div class=\"elementor-text-editor elementor-clearfix\">\n\t\t\t\t<h3>Pabell\u00f3n de m\u00fasica<\/h3><p>Andr\u00e9s M. Mateo Fern\u00e1ndez.<em>Arquitecto<\/em><br \/>Estefan\u00eda\u00a0Moreno Gonz\u00e1lez. <em>Colaboradora<\/em><br \/>A\u00f1o 2018<\/p>\t\t\t\t\t<\/div>\n\t\t\t\t\t\t<\/div>\n\t\t\t\t<\/div>\n\t\t\t\t<div class=\"elementor-element elementor-element-5bda6e5f elementor-button-info elementor-align-left elementor-widget elementor-widget-button\" data-id=\"5bda6e5f\" data-element_type=\"widget\" data-widget_type=\"button.default\">\n\t\t\t\t<div class=\"elementor-widget-container\">\n\t\t\t\t\t<div class=\"elementor-button-wrapper\">\n\t\t\t<a href=\"https:\/\/momaa.es\/proyectos\/\" class=\"elementor-button-link elementor-button elementor-size-xs\" role=\"button\">\n\t\t\t\t\t\t<span class=\"elementor-button-content-wrapper\">\n\t\t\t\t\t\t<span class=\"elementor-button-text\">Volver Proyectos<\/span>\n\t\t<\/span>\n\t\t\t\t\t<\/a>\n\t\t<\/div>\n\t\t\t\t<\/div>\n\t\t\t\t<\/div>\n\t\t\t\t\t\t<\/div>\n\t\t\t\t\t<\/div>\n\t\t<\/div>\n\t\t\t\t\t\t\t\t<\/div>\n\t\t\t\t\t<\/div>\n\t\t<\/section>\n\t\t\t\t\t\t<\/div>\n\t\t\t\t\t\t<\/div>\n\t\t\t\t\t<\/div>\n\t\t ","protected":false},"excerpt":{"rendered":"<p>Pabell\u00f3n de m\u00fasica Andr\u00e9s M. Mateo Fern\u00e1ndez.ArquitectoEstefan\u00eda\u00a0Moreno Gonz\u00e1lez. ColaboradoraA\u00f1o 2018 Volver Proyectos<\/p>\n","protected":false},"author":1,"featured_media":1258,"comment_status":"closed","ping_status":"open","sticky":false,"template":"","format":"standard","meta":[],"categories":[47,42,43],"tags":[],"yoast_head":"<!-- This site is optimized with the Yoast SEO plugin v17.4 - https:\/\/yoast.com\/wordpress\/plugins\/seo\/ -->\n<title>Pabell\u00f3n de la M\u00fasica, La Virginia, Marbella - Moreno Mateo Architects<\/title>\n<meta name=\"robots\" content=\"index, follow, max-snippet:-1, max-image-preview:large, max-video-preview:-1\" \/>\n<link rel=\"canonical\" href=\"https:\/\/momaa.es\/en\/pabellon-de-la-musica\/\" \/>\n<meta property=\"og:locale\" content=\"en_US\" \/>\n<meta property=\"og:type\" content=\"article\" \/>\n<meta property=\"og:title\" content=\"Pabell\u00f3n de la M\u00fasica, La Virginia, Marbella - Moreno Mateo Architects\" \/>\n<meta property=\"og:description\" content=\"Pabell\u00f3n de m\u00fasica Andr\u00e9s M. Mateo Fern\u00e1ndez.ArquitectoEstefan\u00eda\u00a0Moreno Gonz\u00e1lez. ColaboradoraA\u00f1o 2018 Volver Proyectos\" \/>\n<meta property=\"og:url\" content=\"https:\/\/momaa.es\/pabellon-de-la-musica\/\" \/>\n<meta property=\"og:site_name\" content=\"Moreno Mateo Architects\" \/>\n<meta property=\"article:published_time\" content=\"2018-01-31T15:42:46+00:00\" \/>\n<meta property=\"article:modified_time\" content=\"2021-10-12T08:16:59+00:00\" \/>\n<meta property=\"og:image\" content=\"https:\/\/momaa.es\/wp-content\/uploads\/2018\/01\/01-infografia-alzado-1.jpg\" \/>\n\t<meta property=\"og:image:width\" content=\"800\" \/>\n\t<meta property=\"og:image:height\" content=\"450\" \/>\n<meta name=\"twitter:card\" content=\"summary_large_image\" \/>\n<meta name=\"twitter:label1\" content=\"Written by\" \/>\n\t<meta name=\"twitter:data1\" content=\"amateof\" \/>\n<script type=\"application\/ld+json\" class=\"yoast-schema-graph\">{\"@context\":\"https:\/\/schema.org\",\"@graph\":[{\"@type\":\"WebSite\",\"@id\":\"https:\/\/momaa.es\/#website\",\"url\":\"https:\/\/momaa.es\/\",\"name\":\"Moreno Mateo Architects\",\"description\":\"Arquitectura | Urbanismo | Dise\\u00f1o\",\"potentialAction\":[{\"@type\":\"SearchAction\",\"target\":{\"@type\":\"EntryPoint\",\"urlTemplate\":\"https:\/\/momaa.es\/?s={search_term_string}\"},\"query-input\":\"required name=search_term_string\"}],\"inLanguage\":\"en-US\"},{\"@type\":\"ImageObject\",\"@id\":\"https:\/\/momaa.es\/pabellon-de-la-musica\/#primaryimage\",\"inLanguage\":\"en-US\",\"url\":\"https:\/\/momaa.es\/wp-content\/uploads\/2018\/01\/01-infografia-alzado-1.jpg\",\"contentUrl\":\"https:\/\/momaa.es\/wp-content\/uploads\/2018\/01\/01-infografia-alzado-1.jpg\",\"width\":800,\"height\":450,\"caption\":\"Pabell\\u00f3n de m\\u00fasica - infografia alzado\"},{\"@type\":\"WebPage\",\"@id\":\"https:\/\/momaa.es\/pabellon-de-la-musica\/#webpage\",\"url\":\"https:\/\/momaa.es\/pabellon-de-la-musica\/\",\"name\":\"Pabell\\u00f3n de la M\\u00fasica, La Virginia, Marbella - Moreno Mateo Architects\",\"isPartOf\":{\"@id\":\"https:\/\/momaa.es\/#website\"},\"primaryImageOfPage\":{\"@id\":\"https:\/\/momaa.es\/pabellon-de-la-musica\/#primaryimage\"},\"datePublished\":\"2018-01-31T15:42:46+00:00\",\"dateModified\":\"2021-10-12T08:16:59+00:00\",\"author\":{\"@id\":\"https:\/\/momaa.es\/#\/schema\/person\/a958753e063ce7ddcdbe269772a8e2cf\"},\"breadcrumb\":{\"@id\":\"https:\/\/momaa.es\/pabellon-de-la-musica\/#breadcrumb\"},\"inLanguage\":\"en-US\",\"potentialAction\":[{\"@type\":\"ReadAction\",\"target\":[\"https:\/\/momaa.es\/pabellon-de-la-musica\/\"]}]},{\"@type\":\"BreadcrumbList\",\"@id\":\"https:\/\/momaa.es\/pabellon-de-la-musica\/#breadcrumb\",\"itemListElement\":[{\"@type\":\"ListItem\",\"position\":1,\"name\":\"Portada\",\"item\":\"https:\/\/momaa.es\/en\/\"},{\"@type\":\"ListItem\",\"position\":2,\"name\":\"Pabell\\u00f3n de la M\\u00fasica, La Virginia, Marbella\"}]},{\"@type\":\"Person\",\"@id\":\"https:\/\/momaa.es\/#\/schema\/person\/a958753e063ce7ddcdbe269772a8e2cf\",\"name\":\"amateof\",\"image\":{\"@type\":\"ImageObject\",\"@id\":\"https:\/\/momaa.es\/#personlogo\",\"inLanguage\":\"en-US\",\"url\":\"https:\/\/secure.gravatar.com\/avatar\/dd97d899aee8276266c3d9e8b10fca35?s=96&d=mm&r=g\",\"contentUrl\":\"https:\/\/secure.gravatar.com\/avatar\/dd97d899aee8276266c3d9e8b10fca35?s=96&d=mm&r=g\",\"caption\":\"amateof\"}}]}<\/script>\n<!-- \/ Yoast SEO plugin. -->","yoast_head_json":{"title":"Pabell\u00f3n de la M\u00fasica, La Virginia, Marbella - Moreno Mateo Architects","robots":{"index":"index","follow":"follow","max-snippet":"max-snippet:-1","max-image-preview":"max-image-preview:large","max-video-preview":"max-video-preview:-1"},"canonical":"https:\/\/momaa.es\/en\/pabellon-de-la-musica\/","og_locale":"en_US","og_type":"article","og_title":"Pabell\u00f3n de la M\u00fasica, La Virginia, Marbella - Moreno Mateo Architects","og_description":"Pabell\u00f3n de m\u00fasica Andr\u00e9s M. Mateo Fern\u00e1ndez.ArquitectoEstefan\u00eda\u00a0Moreno Gonz\u00e1lez. ColaboradoraA\u00f1o 2018 Volver Proyectos","og_url":"https:\/\/momaa.es\/pabellon-de-la-musica\/","og_site_name":"Moreno Mateo Architects","article_published_time":"2018-01-31T15:42:46+00:00","article_modified_time":"2021-10-12T08:16:59+00:00","og_image":[{"width":800,"height":450,"url":"https:\/\/momaa.es\/wp-content\/uploads\/2018\/01\/01-infografia-alzado-1.jpg","type":"image\/jpeg"}],"twitter_card":"summary_large_image","twitter_misc":{"Written by":"amateof"},"schema":{"@context":"https:\/\/schema.org","@graph":[{"@type":"WebSite","@id":"https:\/\/momaa.es\/#website","url":"https:\/\/momaa.es\/","name":"Moreno Mateo Architects","description":"Arquitectura | Urbanismo | Dise\u00f1o","potentialAction":[{"@type":"SearchAction","target":{"@type":"EntryPoint","urlTemplate":"https:\/\/momaa.es\/?s={search_term_string}"},"query-input":"required name=search_term_string"}],"inLanguage":"en-US"},{"@type":"ImageObject","@id":"https:\/\/momaa.es\/pabellon-de-la-musica\/#primaryimage","inLanguage":"en-US","url":"https:\/\/momaa.es\/wp-content\/uploads\/2018\/01\/01-infografia-alzado-1.jpg","contentUrl":"https:\/\/momaa.es\/wp-content\/uploads\/2018\/01\/01-infografia-alzado-1.jpg","width":800,"height":450,"caption":"Pabell\u00f3n de m\u00fasica - infografia alzado"},{"@type":"WebPage","@id":"https:\/\/momaa.es\/pabellon-de-la-musica\/#webpage","url":"https:\/\/momaa.es\/pabellon-de-la-musica\/","name":"Pabell\u00f3n de la M\u00fasica, La Virginia, Marbella - Moreno Mateo Architects","isPartOf":{"@id":"https:\/\/momaa.es\/#website"},"primaryImageOfPage":{"@id":"https:\/\/momaa.es\/pabellon-de-la-musica\/#primaryimage"},"datePublished":"2018-01-31T15:42:46+00:00","dateModified":"2021-10-12T08:16:59+00:00","author":{"@id":"https:\/\/momaa.es\/#\/schema\/person\/a958753e063ce7ddcdbe269772a8e2cf"},"breadcrumb":{"@id":"https:\/\/momaa.es\/pabellon-de-la-musica\/#breadcrumb"},"inLanguage":"en-US","potentialAction":[{"@type":"ReadAction","target":["https:\/\/momaa.es\/pabellon-de-la-musica\/"]}]},{"@type":"BreadcrumbList","@id":"https:\/\/momaa.es\/pabellon-de-la-musica\/#breadcrumb","itemListElement":[{"@type":"ListItem","position":1,"name":"Portada","item":"https:\/\/momaa.es\/en\/"},{"@type":"ListItem","position":2,"name":"Pabell\u00f3n de la M\u00fasica, La Virginia, Marbella"}]},{"@type":"Person","@id":"https:\/\/momaa.es\/#\/schema\/person\/a958753e063ce7ddcdbe269772a8e2cf","name":"amateof","image":{"@type":"ImageObject","@id":"https:\/\/momaa.es\/#personlogo","inLanguage":"en-US","url":"https:\/\/secure.gravatar.com\/avatar\/dd97d899aee8276266c3d9e8b10fca35?s=96&d=mm&r=g","contentUrl":"https:\/\/secure.gravatar.com\/avatar\/dd97d899aee8276266c3d9e8b10fca35?s=96&d=mm&r=g","caption":"amateof"}}]}},"_links":{"self":[{"href":"https:\/\/momaa.es\/en\/wp-json\/wp\/v2\/posts\/1255"}],"collection":[{"href":"https:\/\/momaa.es\/en\/wp-json\/wp\/v2\/posts"}],"about":[{"href":"https:\/\/momaa.es\/en\/wp-json\/wp\/v2\/types\/post"}],"author":[{"embeddable":true,"href":"https:\/\/momaa.es\/en\/wp-json\/wp\/v2\/users\/1"}],"replies":[{"embeddable":true,"href":"https:\/\/momaa.es\/en\/wp-json\/wp\/v2\/comments?post=1255"}],"version-history":[{"count":6,"href":"https:\/\/momaa.es\/en\/wp-json\/wp\/v2\/posts\/1255\/revisions"}],"predecessor-version":[{"id":3512,"href":"https:\/\/momaa.es\/en\/wp-json\/wp\/v2\/posts\/1255\/revisions\/3512"}],"wp:featuredmedia":[{"embeddable":true,"href":"https:\/\/momaa.es\/en\/wp-json\/wp\/v2\/media\/1258"}],"wp:attachment":[{"href":"https:\/\/momaa.es\/en\/wp-json\/wp\/v2\/media?parent=1255"}],"wp:term":[{"taxonomy":"category","embeddable":true,"href":"https:\/\/momaa.es\/en\/wp-json\/wp\/v2\/categories?post=1255"},{"taxonomy":"post_tag","embeddable":true,"href":"https:\/\/momaa.es\/en\/wp-json\/wp\/v2\/tags?post=1255"}],"curies":[{"name":"wp","href":"https:\/\/api.w.org\/{rel}","templated":true}]}}